{"id":86789,"date":"2019-05-30T17:14:47","date_gmt":"2019-05-30T15:14:47","guid":{"rendered":"https:\/\/zjarr.tv\/?p=86789"},"modified":"2019-05-30T17:14:47","modified_gmt":"2019-05-30T15:14:47","slug":"klajda-gjosha-mos-shpenzoni-me-deklarata-te-blera-lexoni-bundestagun","status":"publish","type":"post","link":"https:\/\/zjarr.tv\/sq\/klajda-gjosha-mos-shpenzoni-me-deklarata-te-blera-lexoni-bundestagun\/","title":{"rendered":"Klajda Gjosha\/ Mos shpenzoni me deklarata te blera, lexoni Bundestagun"},"content":{"rendered":"<p>\u201cProblemet me t\u00eb cilat ndeshet vendi yn\u00eb nuk zgjidhen me lobim, as me deklarata t\u00eb blera n\u00eb mb?shtetje t\u00eb qeveris\u00eb, por me rezultate konkrete, t\u00eb prekshme\u201d.<\/p>\n<p>K\u00ebshtu shkruan ish-ministrja e integrimit Klajda Gjosha n\u00eb nj\u00eb postim n\u00eb rrjetet sociale.<\/p>\n<p>\u201cN\u00ebse institucionet tona do t\u00eb kishin zb\u00ebrthyer me kujdes rekomandimet e K\u00ebshillit duke nisur nga Dhjetori i vitit 2016 dhe kryesisht ato t\u00eb Qershorit 2018, sot Shqip\u00ebria do t\u00eb kishte \u00e7elur negociatat!\u201d, thekson znj. Gjosha.<\/p>\n<p>Ja postimi i plot\u00eb<\/p>\n<p>Kam ndjekur me v\u00ebmendje dhe me shum\u00eb shqet\u00ebsim deklarat\u00ebn zyrtare t\u00eb CDU\/CSU Gjermane mbi raportin p\u00ebr Shqip\u00ebrin\u00eb, q\u00eb u publikua dit\u00ebn e djeshme nga Komisioni Europian.<\/p>\n<p>Deklarat\u00eb n\u00eb fakt q\u00eb p\u00ebrshkruan me holl\u00ebsi \u00e7\u00ebshtje konkrete me t\u00eb cilat ndeshet Shqip\u00ebria dhe q\u00eb Bundestagu Gjerman i ka ngritur me z\u00eb t\u00eb lart\u00eb q\u00eb n\u00eb vitin 2017, n\u00ebp\u00ebrmjet Kryetarit t\u00eb Komisionit p\u00ebr \u00c7\u00ebshtjet Europiane Z. Gunther Krichbaum!<\/p>\n<p>Procesi i Integrimit Europian \u00ebsht\u00eb kompleks, si n\u00eb kushte ashtu edhe n\u00eb procedura vendimarr\u00ebse. P\u00ebr nj\u00eb koh\u00eb shum\u00eb t\u00eb gjat\u00eb, jam munduar t\u00eb nd\u00ebrgjegj\u00ebsoj qeverin\u00eb dhe parlamentin shqiptar, q\u00eb problemet me t\u00eb cilat ndeshet vendi yn\u00eb nuk zgjidhen me lobim, as me deklarata t\u00eb blera n\u00eb mb?shtetje t\u00eb qeveris\u00eb, por me rezultate konkrete, t\u00eb prekshme. Zgjidhen me partneritete serioze dhe t\u00eb p\u00ebrgjegjshme mes institucioneve, mes nj\u00eb dipllomacie aktive, mes kapaciteteve njer\u00ebzore q\u00eb kan\u00eb aft\u00ebsin\u00eb t\u00eb p\u00ebrballen me sfidat e integrimit.<\/p>\n<p>N\u00ebse institucionet tona do t\u00eb kishin zb\u00ebrthyer me kujdes rekomandimet e K\u00ebshillit duke nisur nga Dhjetori i vitit 2016 dhe kryesisht ato t\u00eb Qershorit 2018, sot Shqip\u00ebria do t\u00eb kishte \u00e7elur negociatat! Mosfunksionimi i institucioneve, kthimi n\u00eb kusht i zgjedhjeve t\u00eb lira dhe t\u00eb ndershme, shteti ligjor me nj\u00eb reform\u00eb t\u00eb pakapur, nd\u00ebshkimi i zyrtar\u00ebve t\u00eb lart\u00eb, lufta kund\u00ebr krimit e korrupsionit. Ishin pik?risht k\u00ebto \u00e7\u00ebshtjet me t\u00eb cilat duhej t\u00eb punonte kryeministri dhe qeveria. Fatkeq\u00ebsisht arroganca ishte aq e madhe sa me nj\u00eb frym\u00eb injoruan t\u00eb gjitha kushtet dhe deklaruan celjen imagjinare t\u00eb negociatave, q\u00eb edhe sot q\u00eb flasim duken m\u00eb larg se kurr\u00eb.<\/p>\n<p>Jepini fund k\u00ebtij teatri t\u00eb sh\u00ebmtuar dhe t\u00eb nis\u00eb menj\u00ebher\u00eb bashk\u00ebpunimi me Bundestagun Gjerman dhe t\u00eb gjitha vendet an\u00ebtare, t\u00eb cil\u00ebt jan\u00eb vendimarr\u00ebsit e v\u00ebrtet\u00eb t\u00eb rrug\u00ebtimit europian t\u00eb Shqip\u00ebris\u00eb!<\/p>\n<p>Shqip\u00ebria nuk mund t\u00eb jet\u00eb peng i lobimit p\u00ebr interesa t\u00eb ngushta t\u00eb nj\u00eb grupi individ\u00ebsh q\u00eb po shp\u00ebrdorojn\u00eb besimin e qytetar\u00ebve p\u00ebr t\u00eb qeverisur!<\/p>\n<p>&nbsp;<\/p>\n","protected":false},"excerpt":{"rendered":"<p>\u201cProblemet me t\u00eb cilat ndeshet vendi yn\u00eb nuk zgjidhen me lobim, as me deklarata t\u00eb blera n\u00eb mb?shtetje t\u00eb qeveris\u00eb, por me rezultate konkrete, t\u00eb prekshme\u201d. K\u00ebshtu shkruan ish-ministrja e integrimit Klajda Gjosha n\u00eb nj\u00eb postim n\u00eb rrjetet sociale. \u201cN\u00ebse institucionet tona do t\u00eb kishin zb\u00ebrthyer me kujdes rekomandimet e K\u00ebshillit duke nisur nga Dhjetori [&hellip;]<\/p>\n","protected":false},"author":2013,"featured_media":60938,"comment_status":"open","ping_status":"closed","sticky":false,"template":"","format":"standard","meta":{"footnotes":""},"categories":[241,235],"tags":[],"class_list":{"0":"post-86789","1":"post","2":"type-post","3":"status-publish","4":"format-standard","5":"has-post-thumbnail","7":"category-aktualitet","8":"category-vendi"},"_links":{"self":[{"href":"https:\/\/zjarr.tv\/sq\/wp-json\/wp\/v2\/posts\/86789","targetHints":{"allow":["GET"]}}],"collection":[{"href":"https:\/\/zjarr.tv\/sq\/wp-json\/wp\/v2\/posts"}],"about":[{"href":"https:\/\/zjarr.tv\/sq\/wp-json\/wp\/v2\/types\/post"}],"author":[{"embeddable":true,"href":"https:\/\/zjarr.tv\/sq\/wp-json\/wp\/v2\/users\/2013"}],"replies":[{"embeddable":true,"href":"https:\/\/zjarr.tv\/sq\/wp-json\/wp\/v2\/comments?post=86789"}],"version-history":[{"count":0,"href":"https:\/\/zjarr.tv\/sq\/wp-json\/wp\/v2\/posts\/86789\/revisions"}],"wp:featuredmedia":[{"embeddable":true,"href":"https:\/\/zjarr.tv\/sq\/wp-json\/wp\/v2\/media\/60938"}],"wp:attachment":[{"href":"https:\/\/zjarr.tv\/sq\/wp-json\/wp\/v2\/media?parent=86789"}],"wp:term":[{"taxonomy":"category","embeddable":true,"href":"https:\/\/zjarr.tv\/sq\/wp-json\/wp\/v2\/categories?post=86789"},{"taxonomy":"post_tag","embeddable":true,"href":"https:\/\/zjarr.tv\/sq\/wp-json\/wp\/v2\/tags?post=86789"}],"curies":[{"name":"wp","href":"https:\/\/api.w.org\/{rel}","templated":true}]}}