{"id":86791,"date":"2019-05-30T17:23:46","date_gmt":"2019-05-30T15:23:46","guid":{"rendered":"https:\/\/zjarr.tv\/?p=86791"},"modified":"2019-05-30T17:23:46","modified_gmt":"2019-05-30T15:23:46","slug":"basha-ne-kurbin-vendosmeri-e-papare-per-shqiperine-europiane","status":"publish","type":"post","link":"https:\/\/zjarr.tv\/sq\/basha-ne-kurbin-vendosmeri-e-papare-per-shqiperine-europiane\/","title":{"rendered":"Basha n\u00eb Kurbin: Vendosm\u00ebri e papar\u00eb p\u00ebr Shqip\u00ebrin\u00eb europiane"},"content":{"rendered":"<p>Kryetari i Partis\u00eb Demokratike, Lulzim Basha ka ndaluar sot n\u00eb Kurbin, nd\u00ebrsa ai ka publikuar edhe momentin e pritjes nga banor\u00ebt e zon\u00ebs.<\/p>\n<p>Lideri demokrat e cil\u00ebsoi nj\u00eb pritje t\u00eb jasht\u00ebzakonshme, nd\u00ebrsa tha se p\u00ebrballja\u00a0 e opozit\u00ebs me qeverin\u00eb nuk ka asnj\u00eb kthim pas n\u00eb p\u00ebrmbushjen e vlerave europiane.<\/p>\n<p>Teksa ftoi qytetar\u00ebt n\u00eb protest\u00ebn e s\u00eb diel\u00ebs , kryedemokrati tha se \u00ebsht\u00eb ndezur shpresa e shqiptar\u00ebve nga veriu n\u00eb jug t\u00eb vendit.<\/p>\n<p>\u201cMe nj\u00eb vendosm\u00ebri t\u00eb papar\u00eb t\u00eb njer\u00ebzve n\u00eb betej\u00ebn p\u00ebr Shqip\u00ebrin\u00eb e vlerave evropiane dhe \u00e7lirimin e vendit nga nj\u00eb njeri q\u00eb e ka marr\u00eb peng dhe q\u00eb \u00a0mundohet\u00a0 t\u00eb diktoj\u00eb me k\u00ebrba\u00e7, me dhun\u00eb n\u00eb kund\u00ebrshtim me ligjin dhe me kushtetut\u00ebn, kjo \u00ebsht\u00eb p\u00ebrgjigja q\u00eb merr nga shqiptar\u00ebt\u201d-tha\u00a0 Basha<\/p>\n","protected":false},"excerpt":{"rendered":"<p>Kryetari i Partis\u00eb Demokratike, Lulzim Basha ka ndaluar sot n\u00eb Kurbin, nd\u00ebrsa ai ka publikuar edhe momentin e pritjes nga banor\u00ebt e zon\u00ebs. Lideri demokrat e cil\u00ebsoi nj\u00eb pritje t\u00eb jasht\u00ebzakonshme, nd\u00ebrsa tha se p\u00ebrballja\u00a0 e opozit\u00ebs me qeverin\u00eb nuk ka asnj\u00eb kthim pas n\u00eb p\u00ebrmbushjen e vlerave europiane. Teksa ftoi qytetar\u00ebt n\u00eb protest\u00ebn e [&hellip;]<\/p>\n","protected":false},"author":2013,"featured_media":86792,"comment_status":"open","ping_status":"closed","sticky":false,"template":"","format":"standard","meta":{"footnotes":""},"categories":[241,235],"tags":[],"class_list":{"0":"post-86791","1":"post","2":"type-post","3":"status-publish","4":"format-standard","5":"has-post-thumbnail","7":"category-aktualitet","8":"category-vendi"},"_links":{"self":[{"href":"https:\/\/zjarr.tv\/sq\/wp-json\/wp\/v2\/posts\/86791","targetHints":{"allow":["GET"]}}],"collection":[{"href":"https:\/\/zjarr.tv\/sq\/wp-json\/wp\/v2\/posts"}],"about":[{"href":"https:\/\/zjarr.tv\/sq\/wp-json\/wp\/v2\/types\/post"}],"author":[{"embeddable":true,"href":"https:\/\/zjarr.tv\/sq\/wp-json\/wp\/v2\/users\/2013"}],"replies":[{"embeddable":true,"href":"https:\/\/zjarr.tv\/sq\/wp-json\/wp\/v2\/comments?post=86791"}],"version-history":[{"count":0,"href":"https:\/\/zjarr.tv\/sq\/wp-json\/wp\/v2\/posts\/86791\/revisions"}],"wp:featuredmedia":[{"embeddable":true,"href":"https:\/\/zjarr.tv\/sq\/wp-json\/wp\/v2\/media\/86792"}],"wp:attachment":[{"href":"https:\/\/zjarr.tv\/sq\/wp-json\/wp\/v2\/media?parent=86791"}],"wp:term":[{"taxonomy":"category","embeddable":true,"href":"https:\/\/zjarr.tv\/sq\/wp-json\/wp\/v2\/categories?post=86791"},{"taxonomy":"post_tag","embeddable":true,"href":"https:\/\/zjarr.tv\/sq\/wp-json\/wp\/v2\/tags?post=86791"}],"curies":[{"name":"wp","href":"https:\/\/api.w.org\/{rel}","templated":true}]}}