{"id":86794,"date":"2019-05-30T20:10:18","date_gmt":"2019-05-30T18:10:18","guid":{"rendered":"https:\/\/zjarr.tv\/?p=86794"},"modified":"2019-05-30T17:34:20","modified_gmt":"2019-05-30T15:34:20","slug":"okb-per-turqine-lironi-dhe-kompensoni-te-burgosurit-qe-kane-lidhje-me-levizjen-gylen","status":"publish","type":"post","link":"https:\/\/zjarr.tv\/sq\/okb-per-turqine-lironi-dhe-kompensoni-te-burgosurit-qe-kane-lidhje-me-levizjen-gylen\/","title":{"rendered":"OKB p\u00ebr Turqin\u00eb: Lironi dhe kompensoni t\u00eb burgosurit q\u00eb kan\u00eb lidhje me L\u00ebvizjen \u2018Gylen\u2019"},"content":{"rendered":"<p>T\u00eb pakt\u00ebn 77,000 njer\u00ebz jan\u00eb burgosur n\u00eb pritje t\u00eb gjykimit nga qeveria e Erdoganit p\u00ebr lidhje t\u00eb dyshuara me klerikun me baz\u00eb n\u00eb SHBA<\/p>\n<p>Turqia duhet t\u00eb l\u00ebr\u00eb t\u00eb lir\u00eb dy persona t\u00eb ndaluar p\u00ebr lidhje t\u00eb dyshuara me klerik e akuzuar p\u00ebr nj\u00eb p\u00ebrpjekje grushti t\u00eb vitit 2016 dhe t&#8217;i paguaj\u00eb atyre kompensim p\u00ebr paraburgim arbitrar, tha nj\u00eb organiz\u00ebm i OKB-s\u00eb t\u00eb m\u00ebrkur\u00ebn.<\/p>\n<p>Akademiku Ismet Ozcelik dhe drejtori i shkoll\u00ebs Turgay Karaman u d\u00ebbuan n\u00eb vitin 2017 nga Malajzia n\u00eb Turqi, ku u akuzuan p\u00ebr lidhje me L\u00ebvizjen Gylen, nj\u00eb klerik q\u00eb Ankaraja thot\u00eb se k\u00ebrkoi nj\u00eb kryengritje vitin e kaluar.<\/p>\n<p>Qeveria e presidentit Rexhep Tajip Erdogan ka burgosur m\u00eb shum\u00eb se 77,000 njer\u00ebz n\u00eb pritje t\u00eb gjyqit q\u00eb nga p\u00ebrpjekja e grushtit t\u00eb shtetit 2016 dhe arrestimet e gjera ende jan\u00eb rutin\u00eb, q\u00eb tregon se po rritet autokracia n\u00eb Turqi.<\/p>\n<p>Gylen me baz\u00eb n\u00eb SHBA dhe pasuesit e tij e mohojn\u00eb grusht-komplotin.<\/p>\n<p>Duke th\u00ebn\u00eb se i kishte shkelur lirin\u00eb dy shtetasve turq, Komiteti i OKB-s\u00eb p\u00ebr t\u00eb Drejtat e Njeriut i dha autoriteteve turke 180 dit\u00eb q\u00eb t\u00eb pajtoheshin me vendimin e saj. Por, i mungon ndonj\u00eb autoritet zbatues.<\/p>\n<p>&#8220;Shteti pal\u00eb \u00ebsht\u00eb i detyruar t\u00eb liroj\u00eb autor\u00ebt (e ankes\u00ebs) dhe t&#8217;u siguroj\u00eb atyre kompensim p\u00ebr shkeljet e p\u00ebsuara&#8221;, tha raporti i komisionit mbi rastin, duke v\u00ebn\u00eb n\u00eb dukje se an\u00ebtar\u00ebsimi i Turqis\u00eb n\u00eb nj\u00eb marr\u00ebveshje nd\u00ebrkomb\u00ebtare t\u00eb t\u00eb drejtave k\u00ebrkon q\u00eb ajo t\u00eb veproj\u00eb dhe t\u00eb siguroj\u00eb &#8220;mjet efektiv&#8221;.<\/p>\n<p>Turqia kishte k\u00ebrkuar nj\u00eb p\u00ebrjashtim p\u00ebr shkak t\u00eb gjendjes s\u00eb jasht\u00ebzakonshme dhe natyr\u00ebs &#8220;serioze dhe komplekse&#8221; t\u00eb krimeve t\u00eb dyshuara t\u00eb pal\u00ebve, por komiteti e refuzoi at\u00eb, duke th\u00ebn\u00eb se nuk arriti t\u00eb shpjegonte se si ata p\u00ebrb\u00ebnin nj\u00eb k\u00ebrc\u00ebnim.<\/p>\n<p>Nuk pati reagim t\u00eb menj\u00ebhersh\u00ebm nga Ankaraja ndaj raportit.<\/p>\n<p>Q\u00eb nga p\u00ebrpjekja e grushtit t\u00eb d\u00ebshtuar tre vjet m\u00eb par\u00eb, autoritetet turke kan\u00eb k\u00ebrkuar ekstradimin e njer\u00ebzve t\u00eb ndrysh\u00ebm t\u00eb dyshuar p\u00ebr lidhje me L\u00ebvizjen Gylen.<\/p>\n<p>Nd\u00ebrsa disa vende, duke p\u00ebrfshir\u00eb Kosov\u00ebn, Pakistanin dhe Malajzin\u00eb jan\u00eb pajtuar me k\u00ebt\u00eb k\u00ebrkes\u00eb duke ekstraduar gylenist\u00ebt , vendet e tjera e kan\u00eb refuzuar k\u00ebrkes\u00ebn.<\/p>\n<p>Vitin e kaluar, gjasht\u00eb shtetas turq u arrestuan dhe u d\u00ebbuan nga Kosova me k\u00ebrkes\u00ebn e Ankaras\u00eb, n\u00eb nj\u00eb mas\u00eb q\u00eb e detyroi kryeministrin e Kosov\u00ebs t\u00eb shkarkoi ministrin e tij t\u00eb brendsh\u00ebm.<\/p>\n<p>N\u00eb Pakistan, autoritetet dep\u00ebrtuan nj\u00eb ish-drejtor t\u00eb nj\u00eb zinxhiri t\u00eb shkollave private turke dhe familjes s\u00eb tij n\u00eb Turqi lidhur me lidhjet e pretenduara t\u00eb Gylenit n\u00eb vitin 2017.<\/p>\n<p>Ozceliku dhe Karamani kishin jetuar n\u00eb Malajzi p\u00ebr 13 vjet p\u00ebrpara d\u00ebbimit t\u00eb tyre. Komiteti i OKB tha se Karaman ishte kreu i International School Time, nj\u00eb institucion i frym\u00ebzuar nga m\u00ebsimet e Gylenit.<\/p>\n<p>L\u00ebvizja e tij Hizmet posedon rreth 2,000 institucione arsimore n\u00eb t\u00eb gjith\u00eb bot\u00ebn. Gyleni ka jetuar n\u00eb m\u00ebrgim t\u00eb vet\u00ebshpallur n\u00eb Pennyslvania q\u00eb nga viti 1999.<\/p>\n<p>&nbsp;<\/p>\n","protected":false},"excerpt":{"rendered":"<p>T\u00eb pakt\u00ebn 77,000 njer\u00ebz jan\u00eb burgosur n\u00eb pritje t\u00eb gjykimit nga qeveria e Erdoganit p\u00ebr lidhje t\u00eb dyshuara me klerikun me baz\u00eb n\u00eb SHBA Turqia duhet t\u00eb l\u00ebr\u00eb t\u00eb lir\u00eb dy persona t\u00eb ndaluar p\u00ebr lidhje t\u00eb dyshuara me klerik e akuzuar p\u00ebr nj\u00eb p\u00ebrpjekje grushti t\u00eb vitit 2016 dhe t&#8217;i paguaj\u00eb atyre kompensim p\u00ebr [&hellip;]<\/p>\n","protected":false},"author":2013,"featured_media":86795,"comment_status":"open","ping_status":"closed","sticky":false,"template":"","format":"standard","meta":{"footnotes":""},"categories":[241,191],"tags":[],"class_list":{"0":"post-86794","1":"post","2":"type-post","3":"status-publish","4":"format-standard","5":"has-post-thumbnail","7":"category-aktualitet","8":"category-bota"},"_links":{"self":[{"href":"https:\/\/zjarr.tv\/sq\/wp-json\/wp\/v2\/posts\/86794","targetHints":{"allow":["GET"]}}],"collection":[{"href":"https:\/\/zjarr.tv\/sq\/wp-json\/wp\/v2\/posts"}],"about":[{"href":"https:\/\/zjarr.tv\/sq\/wp-json\/wp\/v2\/types\/post"}],"author":[{"embeddable":true,"href":"https:\/\/zjarr.tv\/sq\/wp-json\/wp\/v2\/users\/2013"}],"replies":[{"embeddable":true,"href":"https:\/\/zjarr.tv\/sq\/wp-json\/wp\/v2\/comments?post=86794"}],"version-history":[{"count":0,"href":"https:\/\/zjarr.tv\/sq\/wp-json\/wp\/v2\/posts\/86794\/revisions"}],"wp:featuredmedia":[{"embeddable":true,"href":"https:\/\/zjarr.tv\/sq\/wp-json\/wp\/v2\/media\/86795"}],"wp:attachment":[{"href":"https:\/\/zjarr.tv\/sq\/wp-json\/wp\/v2\/media?parent=86794"}],"wp:term":[{"taxonomy":"category","embeddable":true,"href":"https:\/\/zjarr.tv\/sq\/wp-json\/wp\/v2\/categories?post=86794"},{"taxonomy":"post_tag","embeddable":true,"href":"https:\/\/zjarr.tv\/sq\/wp-json\/wp\/v2\/tags?post=86794"}],"curies":[{"name":"wp","href":"https:\/\/api.w.org\/{rel}","templated":true}]}}