{"id":86797,"date":"2019-05-30T20:20:11","date_gmt":"2019-05-30T18:20:11","guid":{"rendered":"https:\/\/zjarr.tv\/?p=86797"},"modified":"2019-05-30T17:35:59","modified_gmt":"2019-05-30T15:35:59","slug":"motociklistet-e-harley-davidson-i-rrembejne-firmen-papes-per-nje-qellim-fisnik","status":"publish","type":"post","link":"https:\/\/zjarr.tv\/sq\/motociklistet-e-harley-davidson-i-rrembejne-firmen-papes-per-nje-qellim-fisnik\/","title":{"rendered":"Moto\u00e7iklist\u00ebt e &#8216;Harley-Davidson&#8217; i rr\u00ebmbejn\u00eb firm\u00ebn Pap\u00ebs p\u00ebr nj\u00eb q\u00ebllim fisnik"},"content":{"rendered":"<p>Papa Franceskut i \u00ebsht\u00eb prezantuar motori i ri \u201cHarley Davidson\u201d nga nj\u00eb grup motor\u00e7iklist\u00ebsh gjerman\u00eb \u201cJesus Bikers\u2019 n\u00eb Vatikan. Me firm\u00ebn e Pap\u00ebs, motorri do t\u00eb nxirret n\u00eb ankand dhe t\u00eb ardhurat do t\u2019i d\u00ebrgohen nj\u00eb jetimoreje n\u00eb Ugand\u00eb.<\/p>\n<p>&nbsp;<\/p>\n","protected":false},"excerpt":{"rendered":"<p>Papa Franceskut i \u00ebsht\u00eb prezantuar motori i ri \u201cHarley Davidson\u201d nga nj\u00eb grup motor\u00e7iklist\u00ebsh gjerman\u00eb \u201cJesus Bikers\u2019 n\u00eb Vatikan. Me firm\u00ebn e Pap\u00ebs, motorri do t\u00eb nxirret n\u00eb ankand dhe t\u00eb ardhurat do t\u2019i d\u00ebrgohen nj\u00eb jetimoreje n\u00eb Ugand\u00eb. &nbsp;<\/p>\n","protected":false},"author":2013,"featured_media":86798,"comment_status":"open","ping_status":"closed","sticky":false,"template":"","format":"standard","meta":{"footnotes":""},"categories":[241,191],"tags":[],"class_list":{"0":"post-86797","1":"post","2":"type-post","3":"status-publish","4":"format-standard","5":"has-post-thumbnail","7":"category-aktualitet","8":"category-bota"},"_links":{"self":[{"href":"https:\/\/zjarr.tv\/sq\/wp-json\/wp\/v2\/posts\/86797","targetHints":{"allow":["GET"]}}],"collection":[{"href":"https:\/\/zjarr.tv\/sq\/wp-json\/wp\/v2\/posts"}],"about":[{"href":"https:\/\/zjarr.tv\/sq\/wp-json\/wp\/v2\/types\/post"}],"author":[{"embeddable":true,"href":"https:\/\/zjarr.tv\/sq\/wp-json\/wp\/v2\/users\/2013"}],"replies":[{"embeddable":true,"href":"https:\/\/zjarr.tv\/sq\/wp-json\/wp\/v2\/comments?post=86797"}],"version-history":[{"count":0,"href":"https:\/\/zjarr.tv\/sq\/wp-json\/wp\/v2\/posts\/86797\/revisions"}],"wp:featuredmedia":[{"embeddable":true,"href":"https:\/\/zjarr.tv\/sq\/wp-json\/wp\/v2\/media\/86798"}],"wp:attachment":[{"href":"https:\/\/zjarr.tv\/sq\/wp-json\/wp\/v2\/media?parent=86797"}],"wp:term":[{"taxonomy":"category","embeddable":true,"href":"https:\/\/zjarr.tv\/sq\/wp-json\/wp\/v2\/categories?post=86797"},{"taxonomy":"post_tag","embeddable":true,"href":"https:\/\/zjarr.tv\/sq\/wp-json\/wp\/v2\/tags?post=86797"}],"curies":[{"name":"wp","href":"https:\/\/api.w.org\/{rel}","templated":true}]}}