{"id":86826,"date":"2019-05-30T17:58:08","date_gmt":"2019-05-30T15:58:08","guid":{"rendered":"https:\/\/zjarr.tv\/?p=86826"},"modified":"2019-05-30T17:58:08","modified_gmt":"2019-05-30T15:58:08","slug":"koncesioni-milot-balldren-basha-per-hundesh-do-ua-nxjerrim","status":"publish","type":"post","link":"https:\/\/zjarr.tv\/sq\/koncesioni-milot-balldren-basha-per-hundesh-do-ua-nxjerrim\/","title":{"rendered":"Koncesioni Milot-Balldren\/ Basha: P\u00ebr hund\u00ebsh do ua nxjerrim"},"content":{"rendered":"<p>Kryetari i Partis\u00eb Demokratike, Luzim Basha vijon turin e takimeve me qytetar\u00ebt duke i ftuar ata n\u00eb protest\u00ebn komb\u00ebtare t\u00eb s\u00eb diel\u00ebs.<\/p>\n<p>Nga Kurbini dhe me tone t\u00eb ashpra, lideri demokrat, foli p\u00ebr koncesionin Milot \u2013Balldren, ku u zotua se kjo vjedhje do t\u2019iu dal\u00eb p\u00ebr hund\u00ebsh kryeministrit \u00a0Rama \u00a0s\u00eb bashku me ministrat dhe ish-ministrat.\u00a0 Ai tha se p\u00ebrgjegj\u00ebsit i pre burgu n\u00ebse nuk ndalojn\u00eb k\u00ebt\u00eb super vjedhje.<\/p>\n<p>Krye demokrati tha se Shqip\u00ebria \u00ebsht\u00eb i vetmi vend n\u00eb Europ\u00eb ku kryeministri kapet duke futur kriminel\u00eb n\u00eb Parlament dhe nuk largohet nga detyra.<\/p>\n<p>\u201cKjo kontrat\u00eb do t\u00eb varroset dhe Edi Rama, Belinda Balluku, Damian Gjiknuri do t\u00eb shkojn\u00eb n\u00eb burg. Betohem p\u00ebrpara\u00a0 la\u00e7ian\u00ebve dhe Kish\u00ebs s\u00eb Lacit se do ju presin prangat.\u00a0 Thirrni mendjes se do t\u2019ju konfiskojm\u00eb \u00e7do qindark\u00eb dhe do tu trajtojm\u00eb si band\u00eb kriminale dhe do t\u00eb trajtoheni si krim i organizuar dhe ndaj t\u00ebrhiquni dhe harrojini se do t\u2019i l\u00ebm\u00eb vog\u00eblush\u00ebt tan\u00eb pa shkoll\u00eb. Nuk do t\u2019i lem\u00eb spitalet bosh dhe do t\u2019ua marrim qindark\u00eb p\u00ebr qindark\u00eb. Ne po e luftojm\u00eb k\u00ebt\u00eb betej\u00eb dhe ora e fitores po troket padiskutim dhe mos kujtoni se nuk ju shohim se po p\u00ebrpiqeni t\u00eb merrnin \u00e7af\u00ebr t\u00eb mundeni. P\u00ebr hund\u00ebsh do t\u2019ua nxjerrim ato q\u00eb iu vidhini shqiptar\u00ebve.\u00a0 E gjith\u00eb bota e di si erdh\u00ebm deri k\u00ebtu. Jemi i vendi vend n\u00eb Europ\u00eb q\u00eb kapet kryeministri duke futur hajdut\u00ebt dhe kriminel\u00ebt n\u00eb parlament dhe nuk largohet\u201d-tha Basha.<\/p>\n<p>&nbsp;<\/p>\n","protected":false},"excerpt":{"rendered":"<p>Kryetari i Partis\u00eb Demokratike, Luzim Basha vijon turin e takimeve me qytetar\u00ebt duke i ftuar ata n\u00eb protest\u00ebn komb\u00ebtare t\u00eb s\u00eb diel\u00ebs. Nga Kurbini dhe me tone t\u00eb ashpra, lideri demokrat, foli p\u00ebr koncesionin Milot \u2013Balldren, ku u zotua se kjo vjedhje do t\u2019iu dal\u00eb p\u00ebr hund\u00ebsh kryeministrit \u00a0Rama \u00a0s\u00eb bashku me ministrat dhe ish-ministrat.\u00a0 [&hellip;]<\/p>\n","protected":false},"author":2013,"featured_media":86824,"comment_status":"open","ping_status":"closed","sticky":false,"template":"","format":"standard","meta":{"footnotes":""},"categories":[241,235],"tags":[],"class_list":{"0":"post-86826","1":"post","2":"type-post","3":"status-publish","4":"format-standard","5":"has-post-thumbnail","7":"category-aktualitet","8":"category-vendi"},"_links":{"self":[{"href":"https:\/\/zjarr.tv\/sq\/wp-json\/wp\/v2\/posts\/86826","targetHints":{"allow":["GET"]}}],"collection":[{"href":"https:\/\/zjarr.tv\/sq\/wp-json\/wp\/v2\/posts"}],"about":[{"href":"https:\/\/zjarr.tv\/sq\/wp-json\/wp\/v2\/types\/post"}],"author":[{"embeddable":true,"href":"https:\/\/zjarr.tv\/sq\/wp-json\/wp\/v2\/users\/2013"}],"replies":[{"embeddable":true,"href":"https:\/\/zjarr.tv\/sq\/wp-json\/wp\/v2\/comments?post=86826"}],"version-history":[{"count":0,"href":"https:\/\/zjarr.tv\/sq\/wp-json\/wp\/v2\/posts\/86826\/revisions"}],"wp:featuredmedia":[{"embeddable":true,"href":"https:\/\/zjarr.tv\/sq\/wp-json\/wp\/v2\/media\/86824"}],"wp:attachment":[{"href":"https:\/\/zjarr.tv\/sq\/wp-json\/wp\/v2\/media?parent=86826"}],"wp:term":[{"taxonomy":"category","embeddable":true,"href":"https:\/\/zjarr.tv\/sq\/wp-json\/wp\/v2\/categories?post=86826"},{"taxonomy":"post_tag","embeddable":true,"href":"https:\/\/zjarr.tv\/sq\/wp-json\/wp\/v2\/tags?post=86826"}],"curies":[{"name":"wp","href":"https:\/\/api.w.org\/{rel}","templated":true}]}}