{"id":86828,"date":"2019-05-30T17:59:10","date_gmt":"2019-05-30T15:59:10","guid":{"rendered":"https:\/\/zjarr.tv\/?p=86828"},"modified":"2019-05-30T17:59:10","modified_gmt":"2019-05-30T15:59:10","slug":"basha-paralajmeron-ramen-dhe-ndreun-nuk-shkohet-ne-lezhe-pa-kaluar-me-pare-ne-kurbin","status":"publish","type":"post","link":"https:\/\/zjarr.tv\/sq\/basha-paralajmeron-ramen-dhe-ndreun-nuk-shkohet-ne-lezhe-pa-kaluar-me-pare-ne-kurbin\/","title":{"rendered":"Basha paralajm\u00ebron Ram\u00ebn dhe Ndreun: Nuk shkohet n\u00eb Lezh\u00eb pa kaluar m\u00eb par\u00eb n\u00eb Kurbin"},"content":{"rendered":"<p>Dit\u00ebn e shtun\u00eb, kryeministri Edi Rama do t\u00eb jet\u00eb n\u00eb Lezh\u00eb ku do t\u00eb prezantzoj\u00eb kandidatin socialist p\u00ebr bashkin\u00eb e Lezh\u00ebs, Pjerin Ndreu dhe q\u00eb sipas PS, nis edhe zyrtarisht fushat\u00ebn p\u00ebr zgjedhjet lokale.<\/p>\n<p>Por kreu i PD, i ndodhur n\u00eb nj\u00eb takim me qytetar\u00ebt e La\u00e7it, ka paralajm\u00ebruar dyshen Rama-Ndreu se nuk mund t\u00eb shkojn\u00eb n\u00eb Lezhj\u00eb pa kaluar m\u00eb par\u00eb n\u00eb Kurbin.<\/p>\n<p>Lideri i opozit\u00ebs e akuzoi Ndreun si pjes\u00eb t\u00eb dosjes 184.<\/p>\n<p>\u201cT\u00eb majt\u00eb e t\u00eb djatht\u00eb drejt nj\u00eb zgjidhje politike q\u00eb kthen sovranitetin te njer\u00ebzit. Dhe kjo vet\u00ebm me zgjedhje t\u00eb lira e t\u00eb ndershme. Ka njoftuar se t\u00eb shtun\u00ebn do t\u00eb prezantoj\u00eb kandidatin fals n\u00eb Lezh\u00eb, q\u00eb sot duhet t\u00eb ishte n\u00eb burg p\u00ebr dosjen e Dibr\u00ebs sepse \u00ebsht\u00eb kapur si pjes\u00eb e organizat\u00ebs kriminale me dosjen 184. Kandidatin p\u00ebr burg k\u00ebrkon ta sjell\u00eb si kandidat p\u00ebr kryebashkiak. D\u00ebgjoje mir\u00eb Rama, d\u00ebgjoje mir\u00eb Pjerin Ndreu. Nuk shkohet n\u00eb Lezh\u00eb pa kaluar n\u00eb Kurbin&#8221;, deklaroi Basha.<\/p>\n","protected":false},"excerpt":{"rendered":"<p>Dit\u00ebn e shtun\u00eb, kryeministri Edi Rama do t\u00eb jet\u00eb n\u00eb Lezh\u00eb ku do t\u00eb prezantzoj\u00eb kandidatin socialist p\u00ebr bashkin\u00eb e Lezh\u00ebs, Pjerin Ndreu dhe q\u00eb sipas PS, nis edhe zyrtarisht fushat\u00ebn p\u00ebr zgjedhjet lokale. Por kreu i PD, i ndodhur n\u00eb nj\u00eb takim me qytetar\u00ebt e La\u00e7it, ka paralajm\u00ebruar dyshen Rama-Ndreu se nuk mund t\u00eb [&hellip;]<\/p>\n","protected":false},"author":2013,"featured_media":86824,"comment_status":"open","ping_status":"closed","sticky":false,"template":"","format":"standard","meta":{"footnotes":""},"categories":[241,235],"tags":[],"class_list":{"0":"post-86828","1":"post","2":"type-post","3":"status-publish","4":"format-standard","5":"has-post-thumbnail","7":"category-aktualitet","8":"category-vendi"},"_links":{"self":[{"href":"https:\/\/zjarr.tv\/sq\/wp-json\/wp\/v2\/posts\/86828","targetHints":{"allow":["GET"]}}],"collection":[{"href":"https:\/\/zjarr.tv\/sq\/wp-json\/wp\/v2\/posts"}],"about":[{"href":"https:\/\/zjarr.tv\/sq\/wp-json\/wp\/v2\/types\/post"}],"author":[{"embeddable":true,"href":"https:\/\/zjarr.tv\/sq\/wp-json\/wp\/v2\/users\/2013"}],"replies":[{"embeddable":true,"href":"https:\/\/zjarr.tv\/sq\/wp-json\/wp\/v2\/comments?post=86828"}],"version-history":[{"count":0,"href":"https:\/\/zjarr.tv\/sq\/wp-json\/wp\/v2\/posts\/86828\/revisions"}],"wp:featuredmedia":[{"embeddable":true,"href":"https:\/\/zjarr.tv\/sq\/wp-json\/wp\/v2\/media\/86824"}],"wp:attachment":[{"href":"https:\/\/zjarr.tv\/sq\/wp-json\/wp\/v2\/media?parent=86828"}],"wp:term":[{"taxonomy":"category","embeddable":true,"href":"https:\/\/zjarr.tv\/sq\/wp-json\/wp\/v2\/categories?post=86828"},{"taxonomy":"post_tag","embeddable":true,"href":"https:\/\/zjarr.tv\/sq\/wp-json\/wp\/v2\/tags?post=86828"}],"curies":[{"name":"wp","href":"https:\/\/api.w.org\/{rel}","templated":true}]}}