{"id":86830,"date":"2019-05-30T18:03:26","date_gmt":"2019-05-30T16:03:26","guid":{"rendered":"https:\/\/zjarr.tv\/?p=86830"},"modified":"2019-05-30T18:03:26","modified_gmt":"2019-05-30T16:03:26","slug":"rekomandimi-i-ke-per-negociatat-reagon-ambasada-amerikane","status":"publish","type":"post","link":"https:\/\/zjarr.tv\/sq\/rekomandimi-i-ke-per-negociatat-reagon-ambasada-amerikane\/","title":{"rendered":"Rekomandimi i KE p\u00ebr negociatat, reagon ambasada amerikane"},"content":{"rendered":"<p>Ambasada amerikane ka reaguar pas rekomandimit t\u00eb KE p\u00ebr negociatat me Shqip\u00ebrin\u00eb.<\/p>\n<p>N\u00eb nj\u00eb deklarat\u00eb t\u00eb shp\u00ebrndar\u00eb para pak minutash, ambasada e SHBA thekson se \u201cShtetet e Bashkuara mbeten t\u00eb p\u00ebrkushtuara q\u00eb t\u00eb punojn\u00eb me partner\u00ebt tan\u00eb shqiptar\u00eb dhe t\u00eb BE-s\u00eb p\u00ebr t\u00eb siguruar integrimin me sukses t\u00eb Shqip\u00ebris\u00eb n\u00eb Bashkimin Europian, p\u00ebrfshir\u00eb edhe mb\u00ebshtetjen ton\u00eb t\u00eb plot\u00eb p\u00ebr zbatimin n\u00eb vijim t\u00eb reformave legjitime dhe\u00a0kushtetuese gjyq\u00ebsore.\u201d.<\/p>\n<p>Ja deklarata e plot\u00eb<\/p>\n<p>Ne mir\u00ebpresim rekomandimin e Komisionit Europian p\u00ebr hapjen e bisedimeve t\u00eb an\u00ebtar\u00ebsimit me Shqip\u00ebrin\u00eb dhe konfirmimin e saj se Shqip\u00ebria vijon t\u00eb b\u00ebj\u00eb p\u00ebrpara n\u00eb zbatimin e reformave jetike dhe t\u00eb pakthyeshme. Shtetet e Bashkuara mbeten t\u00eb p\u00ebrkushtuara q\u00eb t\u00eb punojn\u00eb me partner\u00ebt tan\u00eb shqiptar\u00eb dhe t\u00eb BE-s\u00eb p\u00ebr t\u00eb siguruar integrimin me sukses t\u00eb Shqip\u00ebris\u00eb n\u00eb Bashkimin Europian, p\u00ebrfshir\u00eb edhe mb\u00ebshtetjen ton\u00eb t\u00eb plot\u00eb p\u00ebr zbatimin n\u00eb vijim t\u00eb reformave legjitime dhe\u00a0kushtetuese gjyq\u00ebsore.<\/p>\n<p>&nbsp;<\/p>\n","protected":false},"excerpt":{"rendered":"<p>Ambasada amerikane ka reaguar pas rekomandimit t\u00eb KE p\u00ebr negociatat me Shqip\u00ebrin\u00eb. N\u00eb nj\u00eb deklarat\u00eb t\u00eb shp\u00ebrndar\u00eb para pak minutash, ambasada e SHBA thekson se \u201cShtetet e Bashkuara mbeten t\u00eb p\u00ebrkushtuara q\u00eb t\u00eb punojn\u00eb me partner\u00ebt tan\u00eb shqiptar\u00eb dhe t\u00eb BE-s\u00eb p\u00ebr t\u00eb siguruar integrimin me sukses t\u00eb Shqip\u00ebris\u00eb n\u00eb Bashkimin Europian, p\u00ebrfshir\u00eb edhe mb\u00ebshtetjen [&hellip;]<\/p>\n","protected":false},"author":2013,"featured_media":83280,"comment_status":"open","ping_status":"closed","sticky":false,"template":"","format":"standard","meta":{"footnotes":""},"categories":[241,235],"tags":[],"class_list":{"0":"post-86830","1":"post","2":"type-post","3":"status-publish","4":"format-standard","5":"has-post-thumbnail","7":"category-aktualitet","8":"category-vendi"},"_links":{"self":[{"href":"https:\/\/zjarr.tv\/sq\/wp-json\/wp\/v2\/posts\/86830","targetHints":{"allow":["GET"]}}],"collection":[{"href":"https:\/\/zjarr.tv\/sq\/wp-json\/wp\/v2\/posts"}],"about":[{"href":"https:\/\/zjarr.tv\/sq\/wp-json\/wp\/v2\/types\/post"}],"author":[{"embeddable":true,"href":"https:\/\/zjarr.tv\/sq\/wp-json\/wp\/v2\/users\/2013"}],"replies":[{"embeddable":true,"href":"https:\/\/zjarr.tv\/sq\/wp-json\/wp\/v2\/comments?post=86830"}],"version-history":[{"count":0,"href":"https:\/\/zjarr.tv\/sq\/wp-json\/wp\/v2\/posts\/86830\/revisions"}],"wp:featuredmedia":[{"embeddable":true,"href":"https:\/\/zjarr.tv\/sq\/wp-json\/wp\/v2\/media\/83280"}],"wp:attachment":[{"href":"https:\/\/zjarr.tv\/sq\/wp-json\/wp\/v2\/media?parent=86830"}],"wp:term":[{"taxonomy":"category","embeddable":true,"href":"https:\/\/zjarr.tv\/sq\/wp-json\/wp\/v2\/categories?post=86830"},{"taxonomy":"post_tag","embeddable":true,"href":"https:\/\/zjarr.tv\/sq\/wp-json\/wp\/v2\/tags?post=86830"}],"curies":[{"name":"wp","href":"https:\/\/api.w.org\/{rel}","templated":true}]}}