{"id":87100,"date":"2019-06-01T13:35:52","date_gmt":"2019-06-01T11:35:52","guid":{"rendered":"https:\/\/zjarr.tv\/?p=87100"},"modified":"2019-06-01T13:35:52","modified_gmt":"2019-06-01T11:35:52","slug":"korce-termeti-u-prishi-shtepite-20-familje-ne-qiell-te-hapur","status":"publish","type":"post","link":"https:\/\/zjarr.tv\/sq\/korce-termeti-u-prishi-shtepite-20-familje-ne-qiell-te-hapur\/","title":{"rendered":"Kor\u00e7\u00eb\/ T\u00ebrmeti u prishi sht\u00ebpit\u00eb, 20 familje n\u00eb qiell t\u00eb hapur"},"content":{"rendered":"<p style=\"line-height: 24.0pt;margin: 0in 0in 22.5pt 0in\"><span style=\"font-size: 15.0pt;color: #18191a\">N\u00eb Nj\u00ebsin\u00eb Administrative Miras n\u00eb fshatin Vidohov\u00eb t\u00eb Kor\u00e7\u00ebs jan\u00eb d\u00ebmtuar gjithsej 20 banesa. Nga l\u00ebkundjet e forta t\u00eb t\u00ebrmetit t\u00eb dit\u00ebs s\u00eb sotme jan\u00eb \u00e7ar\u00eb mure dhe kan\u00eb r\u00ebn\u00eb suva t\u00eb sht\u00ebpive t\u00eb vjetra.<\/span><\/p>\n<p style=\"margin: 0in;margin-bottom: .0001pt;line-height: 24.0pt;text-align: start\"><span style=\"font-size: 15.0pt;color: #18191a\">20 familjet e d\u00ebmtuara kan\u00eb nevoj\u00eb urgjente p\u00ebr strehim, pasi n\u00eb t\u00eb kund\u00ebrt do t\u00eb mbeten n\u00eb qiell t\u00eb hapur.<\/span><\/p>\n<h1 style=\"margin-top: 0in;background: white\"><span style=\"font-size: 15.0pt;color: #18191a\">Administratori bashk\u00eb me punonj\u00ebsit e nj\u00ebsis\u00eb Miras vijojn\u00eb t\u00eb ndjekin nga af\u00ebr situat\u00ebn n\u00eb zon\u00eb, nd\u00ebrsa kan\u00eb apeluar q\u00eb t\u2019iu vihet n\u00eb ndihm\u00eb \u00a0nj\u00eb or\u00eb e m\u00eb par\u00eb banor\u00ebve\u00a0 t\u00eb d\u00ebmtuar.<\/span><\/h1>\n<p style=\"line-height: 24.0pt;text-align: start;margin: 0in 0in 22.5pt 0in\"><span style=\"font-size: 15.0pt;color: #18191a\">Prefektura e qarkut t\u00eb Kor\u00e7\u00ebs njoftoi m\u00eb her\u00ebt se jan\u00eb d\u00ebmtuar 60 banesa, nd\u00ebrsa kat\u00ebr persona kan\u00eb marr\u00eb plag\u00eb t\u00eb lehta.<\/span><\/p>\n","protected":false},"excerpt":{"rendered":"<p>N\u00eb Nj\u00ebsin\u00eb Administrative Miras n\u00eb fshatin Vidohov\u00eb t\u00eb Kor\u00e7\u00ebs jan\u00eb d\u00ebmtuar gjithsej 20 banesa. Nga l\u00ebkundjet e forta t\u00eb t\u00ebrmetit t\u00eb dit\u00ebs s\u00eb sotme jan\u00eb \u00e7ar\u00eb mure dhe kan\u00eb r\u00ebn\u00eb suva t\u00eb sht\u00ebpive t\u00eb vjetra. 20 familjet e d\u00ebmtuara kan\u00eb nevoj\u00eb urgjente p\u00ebr strehim, pasi n\u00eb t\u00eb kund\u00ebrt do t\u00eb mbeten n\u00eb qiell t\u00eb hapur. [&hellip;]<\/p>\n","protected":false},"author":4,"featured_media":87101,"comment_status":"open","ping_status":"closed","sticky":false,"template":"","format":"standard","meta":{"footnotes":""},"categories":[241,231,235],"tags":[],"class_list":{"0":"post-87100","1":"post","2":"type-post","3":"status-publish","4":"format-standard","5":"has-post-thumbnail","7":"category-aktualitet","8":"category-lajme","9":"category-vendi"},"_links":{"self":[{"href":"https:\/\/zjarr.tv\/sq\/wp-json\/wp\/v2\/posts\/87100","targetHints":{"allow":["GET"]}}],"collection":[{"href":"https:\/\/zjarr.tv\/sq\/wp-json\/wp\/v2\/posts"}],"about":[{"href":"https:\/\/zjarr.tv\/sq\/wp-json\/wp\/v2\/types\/post"}],"author":[{"embeddable":true,"href":"https:\/\/zjarr.tv\/sq\/wp-json\/wp\/v2\/users\/4"}],"replies":[{"embeddable":true,"href":"https:\/\/zjarr.tv\/sq\/wp-json\/wp\/v2\/comments?post=87100"}],"version-history":[{"count":0,"href":"https:\/\/zjarr.tv\/sq\/wp-json\/wp\/v2\/posts\/87100\/revisions"}],"wp:featuredmedia":[{"embeddable":true,"href":"https:\/\/zjarr.tv\/sq\/wp-json\/wp\/v2\/media\/87101"}],"wp:attachment":[{"href":"https:\/\/zjarr.tv\/sq\/wp-json\/wp\/v2\/media?parent=87100"}],"wp:term":[{"taxonomy":"category","embeddable":true,"href":"https:\/\/zjarr.tv\/sq\/wp-json\/wp\/v2\/categories?post=87100"},{"taxonomy":"post_tag","embeddable":true,"href":"https:\/\/zjarr.tv\/sq\/wp-json\/wp\/v2\/tags?post=87100"}],"curies":[{"name":"wp","href":"https:\/\/api.w.org\/{rel}","templated":true}]}}