{"id":87118,"date":"2019-06-01T14:13:21","date_gmt":"2019-06-01T12:13:21","guid":{"rendered":"https:\/\/zjarr.tv\/?p=87118"},"modified":"2019-06-01T14:13:21","modified_gmt":"2019-06-01T12:13:21","slug":"kontigjenti-i-fa-se-se-shqiperise-feston-me-femijet-afgane","status":"publish","type":"post","link":"https:\/\/zjarr.tv\/sq\/kontigjenti-i-fa-se-se-shqiperise-feston-me-femijet-afgane\/","title":{"rendered":"Kontigjenti i FA-s\u00eb s\u00eb Shqip\u00ebris\u00eb feston me f\u00ebmij\u00ebt afgan\u00eb"},"content":{"rendered":"<p>Forcat e Armatosura t\u00eb Shqip\u00ebris\u00eb kan\u00eb festuar Dit\u00ebn Nd\u00ebrkomb\u00ebtare t\u00eb F\u00ebmij\u00ebve edhe n\u00eb Afganistan. Kontigjenti shqiptar dhe konkretisht, Kaptere Aida Guxho, e cila nj\u00ebher\u00ebsh \u00ebsht\u00eb k\u00ebshilluese p\u00ebr planet operacionale t\u00eb nd\u00ebrlidhjes n\u00eb misionin e NATO-s ka treguar p\u00ebrkushtimin dhe dashurin\u00eb p\u00ebr f\u00ebmij\u00ebt e p\u00ebrkthyesve afgan\u00eb n\u00eb Camp Arena.<\/p>\n<p>Lajmi beh\u00ebt i ditur nga vet\u00eb Ministrja e Mbrojtjes, Olta Xhacka, e cila ka shp\u00ebrndar\u00eb edhe foton e kapteres shqiptare.<\/p>\n<p>\u201cForcat e Armatosura t\u00eb Shqip\u00ebris\u00eb festojn\u00eb 1 Qershorin edhe n\u00eb Afganistan.Kaptere Aida Guxho, k\u00ebshilluese p\u00ebr planet operacionale t\u00eb nd\u00ebrlidhjes n\u00eb misionin e NATO Resolute Support Mission n\u00eb Herat, tregoi p\u00ebrkushtimin, bujarin\u00eb dhe zemr\u00ebn e madhe t\u00eb ushtarak\u00ebve shqiptar\u00eb, duke lumturuar sadopak f\u00ebmij\u00ebt e p\u00ebrkthyesve afgan\u00eb n\u00eb Camp Arena. #FAsolidare\ud83c\udde6\ud83c\uddf1\u201d,\u00a0 shkruan Xha\u00e7ka.<\/p>\n<p>&nbsp;<\/p>\n","protected":false},"excerpt":{"rendered":"<p>Forcat e Armatosura t\u00eb Shqip\u00ebris\u00eb kan\u00eb festuar Dit\u00ebn Nd\u00ebrkomb\u00ebtare t\u00eb F\u00ebmij\u00ebve edhe n\u00eb Afganistan. Kontigjenti shqiptar dhe konkretisht, Kaptere Aida Guxho, e cila nj\u00ebher\u00ebsh \u00ebsht\u00eb k\u00ebshilluese p\u00ebr planet operacionale t\u00eb nd\u00ebrlidhjes n\u00eb misionin e NATO-s ka treguar p\u00ebrkushtimin dhe dashurin\u00eb p\u00ebr f\u00ebmij\u00ebt e p\u00ebrkthyesve afgan\u00eb n\u00eb Camp Arena. Lajmi beh\u00ebt i ditur nga vet\u00eb Ministrja [&hellip;]<\/p>\n","protected":false},"author":2013,"featured_media":87119,"comment_status":"open","ping_status":"closed","sticky":false,"template":"","format":"standard","meta":{"footnotes":""},"categories":[241,235],"tags":[],"class_list":{"0":"post-87118","1":"post","2":"type-post","3":"status-publish","4":"format-standard","5":"has-post-thumbnail","7":"category-aktualitet","8":"category-vendi"},"_links":{"self":[{"href":"https:\/\/zjarr.tv\/sq\/wp-json\/wp\/v2\/posts\/87118","targetHints":{"allow":["GET"]}}],"collection":[{"href":"https:\/\/zjarr.tv\/sq\/wp-json\/wp\/v2\/posts"}],"about":[{"href":"https:\/\/zjarr.tv\/sq\/wp-json\/wp\/v2\/types\/post"}],"author":[{"embeddable":true,"href":"https:\/\/zjarr.tv\/sq\/wp-json\/wp\/v2\/users\/2013"}],"replies":[{"embeddable":true,"href":"https:\/\/zjarr.tv\/sq\/wp-json\/wp\/v2\/comments?post=87118"}],"version-history":[{"count":0,"href":"https:\/\/zjarr.tv\/sq\/wp-json\/wp\/v2\/posts\/87118\/revisions"}],"wp:featuredmedia":[{"embeddable":true,"href":"https:\/\/zjarr.tv\/sq\/wp-json\/wp\/v2\/media\/87119"}],"wp:attachment":[{"href":"https:\/\/zjarr.tv\/sq\/wp-json\/wp\/v2\/media?parent=87118"}],"wp:term":[{"taxonomy":"category","embeddable":true,"href":"https:\/\/zjarr.tv\/sq\/wp-json\/wp\/v2\/categories?post=87118"},{"taxonomy":"post_tag","embeddable":true,"href":"https:\/\/zjarr.tv\/sq\/wp-json\/wp\/v2\/tags?post=87118"}],"curies":[{"name":"wp","href":"https:\/\/api.w.org\/{rel}","templated":true}]}}