{"id":87131,"date":"2019-06-01T14:25:01","date_gmt":"2019-06-01T12:25:01","guid":{"rendered":"https:\/\/zjarr.tv\/?p=87131"},"modified":"2019-06-01T14:25:01","modified_gmt":"2019-06-01T12:25:01","slug":"aksident-i-rende-mjeti-perfundon-i-permbysur-jashte-rruge","status":"publish","type":"post","link":"https:\/\/zjarr.tv\/sq\/aksident-i-rende-mjeti-perfundon-i-permbysur-jashte-rruge\/","title":{"rendered":"Aksident i r\u00ebnd\u00eb, mjeti p\u00ebrfundon i p\u00ebrmbysur jasht\u00eb rruge"},"content":{"rendered":"<p>Nj\u00eb aksident i r\u00ebnd\u00eb ka ndodhur m\u00ebngjesin e sot\u00ebm n\u00eb \u00a0n\u00eb aksin rrugor Berat-Poshnj\u00eb pran\u00eb fshatit Morav\u00eb.<\/p>\n<p>Nj\u00eb mjet tip \u201cWolsvagen\u201d me drejtues shtetasi A.H, 39 vje\u00e7, ka dal\u00eb nga rruga dhe ka p\u00ebrfunduar i p\u00ebrmbysuru.<\/p>\n<p>Shkak p\u00ebr k\u00ebt\u00eb aksident m\u00ebsohet t\u00eb jet\u00eb b\u00ebr\u00eb humbja e kontrollit t\u00eb mjetit nga drejtuesit.<\/p>\n<p>Si pasoj\u00eb e aksidentit ka marr\u00eb l\u00ebndime drejtuesi i mjetit, nd\u00ebrsa \u00ebsht\u00eb d\u00ebrguar menj\u00ebher\u00eb p\u00ebr mjekim n\u00eb\u00a0 Spitalin Rajonal Berat.<\/p>\n<p>Sipas mjek\u00ebve d\u00ebmtimet jan\u00eb t\u00eb lehta, nd\u00ebrkoh\u00eb 39-vje\u00e7ari ndodhet jasht\u00eb rrezikut p\u00ebr jet\u00ebn.<\/p>\n<p>&nbsp;<\/p>\n","protected":false},"excerpt":{"rendered":"<p>Nj\u00eb aksident i r\u00ebnd\u00eb ka ndodhur m\u00ebngjesin e sot\u00ebm n\u00eb \u00a0n\u00eb aksin rrugor Berat-Poshnj\u00eb pran\u00eb fshatit Morav\u00eb. Nj\u00eb mjet tip \u201cWolsvagen\u201d me drejtues shtetasi A.H, 39 vje\u00e7, ka dal\u00eb nga rruga dhe ka p\u00ebrfunduar i p\u00ebrmbysuru. Shkak p\u00ebr k\u00ebt\u00eb aksident m\u00ebsohet t\u00eb jet\u00eb b\u00ebr\u00eb humbja e kontrollit t\u00eb mjetit nga drejtuesit. Si pasoj\u00eb e aksidentit [&hellip;]<\/p>\n","protected":false},"author":2013,"featured_media":87132,"comment_status":"open","ping_status":"closed","sticky":false,"template":"","format":"standard","meta":{"footnotes":""},"categories":[241,235],"tags":[],"class_list":{"0":"post-87131","1":"post","2":"type-post","3":"status-publish","4":"format-standard","5":"has-post-thumbnail","7":"category-aktualitet","8":"category-vendi"},"_links":{"self":[{"href":"https:\/\/zjarr.tv\/sq\/wp-json\/wp\/v2\/posts\/87131","targetHints":{"allow":["GET"]}}],"collection":[{"href":"https:\/\/zjarr.tv\/sq\/wp-json\/wp\/v2\/posts"}],"about":[{"href":"https:\/\/zjarr.tv\/sq\/wp-json\/wp\/v2\/types\/post"}],"author":[{"embeddable":true,"href":"https:\/\/zjarr.tv\/sq\/wp-json\/wp\/v2\/users\/2013"}],"replies":[{"embeddable":true,"href":"https:\/\/zjarr.tv\/sq\/wp-json\/wp\/v2\/comments?post=87131"}],"version-history":[{"count":0,"href":"https:\/\/zjarr.tv\/sq\/wp-json\/wp\/v2\/posts\/87131\/revisions"}],"wp:featuredmedia":[{"embeddable":true,"href":"https:\/\/zjarr.tv\/sq\/wp-json\/wp\/v2\/media\/87132"}],"wp:attachment":[{"href":"https:\/\/zjarr.tv\/sq\/wp-json\/wp\/v2\/media?parent=87131"}],"wp:term":[{"taxonomy":"category","embeddable":true,"href":"https:\/\/zjarr.tv\/sq\/wp-json\/wp\/v2\/categories?post=87131"},{"taxonomy":"post_tag","embeddable":true,"href":"https:\/\/zjarr.tv\/sq\/wp-json\/wp\/v2\/tags?post=87131"}],"curies":[{"name":"wp","href":"https:\/\/api.w.org\/{rel}","templated":true}]}}