{"id":87134,"date":"2019-06-01T14:26:03","date_gmt":"2019-06-01T12:26:03","guid":{"rendered":"https:\/\/zjarr.tv\/?p=87134"},"modified":"2019-06-01T14:26:03","modified_gmt":"2019-06-01T12:26:03","slug":"perleshje-me-arme-ne-tirane-nje-i-plagosur-rende","status":"publish","type":"post","link":"https:\/\/zjarr.tv\/sq\/perleshje-me-arme-ne-tirane-nje-i-plagosur-rende\/","title":{"rendered":"P\u00ebrleshje me arm\u00eb n\u00eb Tiran\u00eb, nj\u00eb i plagosur r\u00ebnd\u00eb"},"content":{"rendered":"<p>Nj\u00eb ngjarje e r\u00ebnd\u00eb sapo ka ndodhur n\u00eb periferi t\u00eb kryeqytetit. M\u00ebsohet nj\u00eb shk\u00ebmbim zjarri me arm\u00eb ka ndodhur n\u00eb fshatin Pez\u00eb t\u00eb Tiran\u00ebs.<\/p>\n<p>T\u00eb dh\u00ebnat paraprake flasin p\u00ebr nj\u00eb konflikt mes disa personave. Nj\u00eb person besohet se ka mbetur i plagosur r\u00ebnd\u00eb. Drejt vendit t\u00eb ngjarjes jan\u00eb nisur forca t\u00eb shumta policie dhe nj\u00eb autoambulanc\u00eb.<\/p>\n<p>&nbsp;<\/p>\n","protected":false},"excerpt":{"rendered":"<p>Nj\u00eb ngjarje e r\u00ebnd\u00eb sapo ka ndodhur n\u00eb periferi t\u00eb kryeqytetit. M\u00ebsohet nj\u00eb shk\u00ebmbim zjarri me arm\u00eb ka ndodhur n\u00eb fshatin Pez\u00eb t\u00eb Tiran\u00ebs. T\u00eb dh\u00ebnat paraprake flasin p\u00ebr nj\u00eb konflikt mes disa personave. Nj\u00eb person besohet se ka mbetur i plagosur r\u00ebnd\u00eb. Drejt vendit t\u00eb ngjarjes jan\u00eb nisur forca t\u00eb shumta policie dhe nj\u00eb [&hellip;]<\/p>\n","protected":false},"author":2013,"featured_media":0,"comment_status":"open","ping_status":"closed","sticky":false,"template":"","format":"standard","meta":{"footnotes":""},"categories":[241,235],"tags":[],"class_list":{"0":"post-87134","1":"post","2":"type-post","3":"status-publish","4":"format-standard","6":"category-aktualitet","7":"category-vendi"},"_links":{"self":[{"href":"https:\/\/zjarr.tv\/sq\/wp-json\/wp\/v2\/posts\/87134","targetHints":{"allow":["GET"]}}],"collection":[{"href":"https:\/\/zjarr.tv\/sq\/wp-json\/wp\/v2\/posts"}],"about":[{"href":"https:\/\/zjarr.tv\/sq\/wp-json\/wp\/v2\/types\/post"}],"author":[{"embeddable":true,"href":"https:\/\/zjarr.tv\/sq\/wp-json\/wp\/v2\/users\/2013"}],"replies":[{"embeddable":true,"href":"https:\/\/zjarr.tv\/sq\/wp-json\/wp\/v2\/comments?post=87134"}],"version-history":[{"count":0,"href":"https:\/\/zjarr.tv\/sq\/wp-json\/wp\/v2\/posts\/87134\/revisions"}],"wp:attachment":[{"href":"https:\/\/zjarr.tv\/sq\/wp-json\/wp\/v2\/media?parent=87134"}],"wp:term":[{"taxonomy":"category","embeddable":true,"href":"https:\/\/zjarr.tv\/sq\/wp-json\/wp\/v2\/categories?post=87134"},{"taxonomy":"post_tag","embeddable":true,"href":"https:\/\/zjarr.tv\/sq\/wp-json\/wp\/v2\/tags?post=87134"}],"curies":[{"name":"wp","href":"https:\/\/api.w.org\/{rel}","templated":true}]}}