{"id":87148,"date":"2019-06-01T15:06:07","date_gmt":"2019-06-01T13:06:07","guid":{"rendered":"https:\/\/zjarr.tv\/?p=87148"},"modified":"2019-06-01T15:06:07","modified_gmt":"2019-06-01T13:06:07","slug":"basha-uron-femijet-per-1-qershorin-shpreseplote-se-do-rriteni-si-gjithe-femijet-e-tjere-europiane","status":"publish","type":"post","link":"https:\/\/zjarr.tv\/sq\/basha-uron-femijet-per-1-qershorin-shpreseplote-se-do-rriteni-si-gjithe-femijet-e-tjere-europiane\/","title":{"rendered":"Basha uron f\u00ebmij\u00ebt p\u00ebr 1 Qershorin: \u2018Shpres\u00ebplot\u00eb se do rriteni si gjith\u00eb f\u00ebmij\u00ebt e tjer\u00eb europian\u00eb\u2019"},"content":{"rendered":"<p>Kryetari i Partis\u00eb Demokratike ka uruar sot p\u00ebrmes nj\u00eb postimi n\u00eb facebook me rastin e 1 qershorit t\u00eb gjith\u00eb f\u00ebmij\u00ebt kudo q\u00eb jan\u00eb n\u00eb Shqip\u00ebri, duke u uruar t\u00eb ken\u00eb nj\u00eb jet\u00eb sa m\u00eb t\u00eb shendetshme, q\u00eb t\u00eb shkojn\u00eb n\u00eb kopshte dhe shkolla me standarde cil\u00ebsore.<\/p>\n<p>Basha \u00ebsht\u00eb shprehur shpres\u00ebplot\u00eb se e ardhja e tyre n\u00eb Shqip\u00ebri do t\u00eb jet\u00eb m\u00eb e mir\u00eb, q\u00eb ata t\u00eb rriten si gjith\u00eb f\u00ebmij\u00ebt e tjer\u00eb europian\u00eb.<\/p>\n<p>\u2018Sot i uroj nga zemra \u00e7do f\u00ebmije n\u00eb Shqip\u00ebri: G\u00ebzuar fest\u00ebn e 1 Qershorit!<\/p>\n<p>Buz\u00ebqeshja n\u00eb fytyrat e femij\u00ebve tan\u00eb \u00ebsht\u00eb g\u00ebzimi dhe motivimi yn\u00eb p\u00ebr t\u00eb b\u00ebr\u00eb gjith\u00e7ka q\u00eb ata t\u00eb ken\u00eb nj\u00eb jet\u00eb sa m\u00eb t\u00eb sh\u00ebndetshme, t\u00eb ken\u00eb m\u00eb shum\u00eb hap\u00ebsira arg\u00ebtimi, q\u00eb t\u00eb shkojn\u00eb n\u00eb \u00e7erdhe, kopshte dhe shkolla me standarte cil\u00ebsore.<\/p>\n<p>Sot jam shpres\u00ebplot\u00eb se e ardhmja e tyre n\u00eb Shqip\u00ebri do jet\u00eb m\u00eb e mir\u00eb, m\u00eb e sigurt dhe se ata do t\u00eb rriten me mund\u00ebsi si gjith\u00eb f\u00ebmij\u00ebt e tjer\u00eb europian\u00eb! #G\u00ebzuar #1qershori\u2019<\/p>\n<p>&nbsp;<\/p>\n","protected":false},"excerpt":{"rendered":"<p>Kryetari i Partis\u00eb Demokratike ka uruar sot p\u00ebrmes nj\u00eb postimi n\u00eb facebook me rastin e 1 qershorit t\u00eb gjith\u00eb f\u00ebmij\u00ebt kudo q\u00eb jan\u00eb n\u00eb Shqip\u00ebri, duke u uruar t\u00eb ken\u00eb nj\u00eb jet\u00eb sa m\u00eb t\u00eb shendetshme, q\u00eb t\u00eb shkojn\u00eb n\u00eb kopshte dhe shkolla me standarde cil\u00ebsore. Basha \u00ebsht\u00eb shprehur shpres\u00ebplot\u00eb se e ardhja e tyre [&hellip;]<\/p>\n","protected":false},"author":2013,"featured_media":87149,"comment_status":"open","ping_status":"closed","sticky":false,"template":"","format":"standard","meta":{"footnotes":""},"categories":[241,235],"tags":[],"class_list":{"0":"post-87148","1":"post","2":"type-post","3":"status-publish","4":"format-standard","5":"has-post-thumbnail","7":"category-aktualitet","8":"category-vendi"},"_links":{"self":[{"href":"https:\/\/zjarr.tv\/sq\/wp-json\/wp\/v2\/posts\/87148","targetHints":{"allow":["GET"]}}],"collection":[{"href":"https:\/\/zjarr.tv\/sq\/wp-json\/wp\/v2\/posts"}],"about":[{"href":"https:\/\/zjarr.tv\/sq\/wp-json\/wp\/v2\/types\/post"}],"author":[{"embeddable":true,"href":"https:\/\/zjarr.tv\/sq\/wp-json\/wp\/v2\/users\/2013"}],"replies":[{"embeddable":true,"href":"https:\/\/zjarr.tv\/sq\/wp-json\/wp\/v2\/comments?post=87148"}],"version-history":[{"count":0,"href":"https:\/\/zjarr.tv\/sq\/wp-json\/wp\/v2\/posts\/87148\/revisions"}],"wp:featuredmedia":[{"embeddable":true,"href":"https:\/\/zjarr.tv\/sq\/wp-json\/wp\/v2\/media\/87149"}],"wp:attachment":[{"href":"https:\/\/zjarr.tv\/sq\/wp-json\/wp\/v2\/media?parent=87148"}],"wp:term":[{"taxonomy":"category","embeddable":true,"href":"https:\/\/zjarr.tv\/sq\/wp-json\/wp\/v2\/categories?post=87148"},{"taxonomy":"post_tag","embeddable":true,"href":"https:\/\/zjarr.tv\/sq\/wp-json\/wp\/v2\/tags?post=87148"}],"curies":[{"name":"wp","href":"https:\/\/api.w.org\/{rel}","templated":true}]}}