{"id":87164,"date":"2019-06-01T16:13:08","date_gmt":"2019-06-01T14:13:08","guid":{"rendered":"https:\/\/zjarr.tv\/?p=87164"},"modified":"2019-06-01T16:13:08","modified_gmt":"2019-06-01T14:13:08","slug":"termeti-i-fuqishem-ne-korce-mblidhet-shtabi-i-emergjencave","status":"publish","type":"post","link":"https:\/\/zjarr.tv\/sq\/termeti-i-fuqishem-ne-korce-mblidhet-shtabi-i-emergjencave\/","title":{"rendered":"T\u00ebrmeti i fuqish\u00ebm n\u00eb Kor\u00e7\u00eb, mblidhet Shtabi i Emergjencave"},"content":{"rendered":"<p>Pas l\u00ebkundjeve t\u00eb forta t\u00eb sh\u00ebnuara sot n\u00eb Kor\u00e7\u00eb, \u00ebsht\u00eb mbledhur Shtabi i Emergjencave. Gazetarja Lorena Kodra raporton p\u00ebr\u00a0\u201cBalkanweb\u201d se shkak p\u00ebr mbledhjen e Shtabit t\u00eb Emergjencave \u00ebsht\u00eb b\u00ebr\u00eb l\u00ebkundja nga t\u00ebrmeti.<\/p>\n<p>\u201cD\u00ebmet e shkaktuara jan\u00eb t\u00eb m\u00ebdha. D\u00ebmi m\u00eb i madh \u00ebsht\u00eb b\u00ebr\u00eb n\u00eb fshatin Flloq. Rreth 50 sht\u00ebpi jan\u00eb d\u00ebmtuar r\u00ebnd\u00eb dhe banor\u00ebt nuk lejohen q\u00eb t\u00eb rrin\u00eb akoma n\u00eb banesa. T\u00eb nj\u00ebjtin mendim ndajn\u00eb edhe ekspert\u00ebt\u201d, raporton gazetarja Kodra.<\/p>\n<p>B\u00ebhet me dije se banor\u00ebt e fshatit Flloq jan\u00eb traumatizuar. Nd\u00ebrkaq, bashkia dhe institucionet kan\u00eb marr\u00eb masa pas t\u00ebrmetit q\u00eb tronditi jug-lindjen e vendit. Forcat e armatosura kan\u00eb d\u00ebrguar nj\u00eb num\u00ebr t\u00eb caktuar \u00e7adrash. Banor\u00ebt do t\u00eb pajisen me \u00e7adra p\u00ebrpara se t\u00eb err\u00ebsohet. Pik\u00ebrisht \u00e7adrat do shp\u00ebrndahen edhe n\u00eb Qaf\u00eb \u2013Zez\u00eb.<\/p>\n<p>Mjediset publike n\u00eb fshatin Flloq, si shkolla dhe lokali i fshatit jan\u00eb v\u00ebn\u00eb n\u00eb dispozicion t\u00eb f\u00ebmij\u00ebve, q\u00eb ata t\u00eb strehohen. Jan\u00eb ofruar po ashtu paketa ushqimore t\u00eb \u00e7astit.<\/p>\n<p>Prefekti Dhori Spirollari deklaroi se Bashkia Kor\u00e7\u00eb ka marr\u00eb masa pas r\u00ebnies s\u00eb t\u00ebrmetit.<\/p>\n<p>\u201cBashkia e Kor\u00e7\u00ebs t\u00eb marr\u00eb masa p\u00ebr ujin e pijsh\u00ebm. T\u00eb gjith\u00eb element\u00ebt e tjer\u00eb q\u00eb duhet t\u2019u vijm\u00eb n\u00eb ndihm\u00eb. N\u00ebse do na duhen vullnetar\u00eb, rinia kor\u00e7are t\u00eb vij\u00eb n\u00eb ndihm\u00eb t\u00eb v\u00ebnies s\u00eb \u00e7adrave\u201d, tha Spirollari.<\/p>\n<p>&nbsp;<\/p>\n","protected":false},"excerpt":{"rendered":"<p>Pas l\u00ebkundjeve t\u00eb forta t\u00eb sh\u00ebnuara sot n\u00eb Kor\u00e7\u00eb, \u00ebsht\u00eb mbledhur Shtabi i Emergjencave. Gazetarja Lorena Kodra raporton p\u00ebr\u00a0\u201cBalkanweb\u201d se shkak p\u00ebr mbledhjen e Shtabit t\u00eb Emergjencave \u00ebsht\u00eb b\u00ebr\u00eb l\u00ebkundja nga t\u00ebrmeti. \u201cD\u00ebmet e shkaktuara jan\u00eb t\u00eb m\u00ebdha. D\u00ebmi m\u00eb i madh \u00ebsht\u00eb b\u00ebr\u00eb n\u00eb fshatin Flloq. Rreth 50 sht\u00ebpi jan\u00eb d\u00ebmtuar r\u00ebnd\u00eb dhe banor\u00ebt [&hellip;]<\/p>\n","protected":false},"author":2013,"featured_media":87165,"comment_status":"open","ping_status":"closed","sticky":false,"template":"","format":"standard","meta":{"footnotes":""},"categories":[241,235],"tags":[],"class_list":{"0":"post-87164","1":"post","2":"type-post","3":"status-publish","4":"format-standard","5":"has-post-thumbnail","7":"category-aktualitet","8":"category-vendi"},"_links":{"self":[{"href":"https:\/\/zjarr.tv\/sq\/wp-json\/wp\/v2\/posts\/87164","targetHints":{"allow":["GET"]}}],"collection":[{"href":"https:\/\/zjarr.tv\/sq\/wp-json\/wp\/v2\/posts"}],"about":[{"href":"https:\/\/zjarr.tv\/sq\/wp-json\/wp\/v2\/types\/post"}],"author":[{"embeddable":true,"href":"https:\/\/zjarr.tv\/sq\/wp-json\/wp\/v2\/users\/2013"}],"replies":[{"embeddable":true,"href":"https:\/\/zjarr.tv\/sq\/wp-json\/wp\/v2\/comments?post=87164"}],"version-history":[{"count":0,"href":"https:\/\/zjarr.tv\/sq\/wp-json\/wp\/v2\/posts\/87164\/revisions"}],"wp:featuredmedia":[{"embeddable":true,"href":"https:\/\/zjarr.tv\/sq\/wp-json\/wp\/v2\/media\/87165"}],"wp:attachment":[{"href":"https:\/\/zjarr.tv\/sq\/wp-json\/wp\/v2\/media?parent=87164"}],"wp:term":[{"taxonomy":"category","embeddable":true,"href":"https:\/\/zjarr.tv\/sq\/wp-json\/wp\/v2\/categories?post=87164"},{"taxonomy":"post_tag","embeddable":true,"href":"https:\/\/zjarr.tv\/sq\/wp-json\/wp\/v2\/tags?post=87164"}],"curies":[{"name":"wp","href":"https:\/\/api.w.org\/{rel}","templated":true}]}}