{"id":87167,"date":"2019-06-01T16:30:54","date_gmt":"2019-06-01T14:30:54","guid":{"rendered":"https:\/\/zjarr.tv\/?p=87167"},"modified":"2019-06-01T16:30:54","modified_gmt":"2019-06-01T14:30:54","slug":"ja-27-emrat-e-rinj-qe-behen-pjese-e-policise-gjyqesore","status":"publish","type":"post","link":"https:\/\/zjarr.tv\/sq\/ja-27-emrat-e-rinj-qe-behen-pjese-e-policise-gjyqesore\/","title":{"rendered":"Ja 27 emrat e rinj q\u00eb b\u00ebhen pjes\u00eb e policis\u00eb gjyq\u00ebsore"},"content":{"rendered":"<p>jan\u00eb zbardhur 27 emrat e rinj q\u00eb b\u00ebhen pjes\u00eb e policis\u00eb gjyq\u00ebsore t\u00eb vendit bazuar n\u00eb konkursin e organizuar nga Prokuroria e P\u00ebrgjithshme sipas ligjit t\u00eb vjet\u00ebr t\u00eb k\u00ebsaj strukture i cili shfuqizohet m\u00eb 5 qershor.<\/p>\n<p>Edhe pse duke u bazuar n\u00eb nj\u00eb ligj t\u00eb shfuqizuar tashm\u00eb nga parlamenti, i cili del nga zbatimi edhe zyrtarisht p\u00ebr pes\u00eb dit\u00eb, kryeprokurorja Arta Marku ka vendosur ta shfryt\u00ebzoj\u00eb k\u00ebt\u00eb limit kohor p\u00ebr t\u00eb<br \/>\npranuar 27 emra t\u00eb rinj n\u00eb strukturat e policis\u00eb gjyq\u00ebsore.<\/p>\n<p>Nga fillimi i k\u00ebtj viti, punonj\u00ebsit e k\u00ebsaj strukture kan\u00eb nj\u00eb pag\u00eb mujore prej 160 mij\u00eb lek\u00ebsh t\u00eb rinj p\u00ebr shkak t\u00eb hyrjes n\u00eb fuqi t\u00eb paket\u00ebs s\u00eb reform\u00ebs n\u00eb drejt\u00ebsi e cila parashikon se paga e oficer\u00ebve t\u00eb policis\u00eb gjyq\u00ebsore \u00ebsht\u00eb sa 60 p\u00ebr qind e rrog\u00ebs mujore t\u00eb prokuror\u00ebve.<\/p>\n<p>N\u00eb list\u00eb bien n\u00eb sy emra t\u00eb personave q\u00eb kan\u00eb punuar n\u00eb prokurorin\u00eb e Shkodr\u00ebs, n\u00eb prokurorin\u00eb e Tiran\u00ebs dhe tek krimet e r\u00ebnda, nd\u00ebrsa emri me numrin rendor 4 \u00ebsht\u00eb Armando Felaj, v\u00ebllai i deputetes socialiste Ermonela Felaj bashk\u00ebshorti i k\u00ebsaj t\u00eb fundit, Bledar Valikaj u em\u00ebrua prokuror n\u00eb prill t\u00eb k\u00ebtij viti pas nj\u00eb votimi 5-5 n\u00eb KLP ku diferenc\u00ebn e b\u00ebri q\u00ebndrimi i kryetarit t\u00eb k\u00ebtij institucioni.<\/p>\n<p>Procedura e pranimit t\u00eb 27 OPGJ-ve t\u00eb rinj bazohet n\u00eb ligjin e vjet\u00ebr t\u00eb policis\u00eb gjyq\u00ebsore i cili shfuqizohet brenda pak dit\u00ebve p\u00ebr shkak t\u00eb ndryshimeve t\u00eb miratuara n\u00eb Parlament.<\/p>\n<p>Ligji i ri \u00ebsht\u00eb dekretuar nga presidenti Ilir Meta m\u00eb 17 maj dhe \u00ebsht\u00eb botuar n\u00eb fletoren zyrtare m\u00eb 20 maj 2019.<\/p>\n<p>Ligji i ri ka p\u00ebrcaktuar se n\u00eb policin\u00eb gjyq\u00ebsore pranohen vet\u00ebm kandidat\u00eb me arsim t\u00eb lart\u00eb dhe me nj\u00eb s\u00ebr\u00eb kriteresh t\u00eb tjera shtes\u00eb p\u00ebrfshi edhe eksperienc\u00eb pune 5-vje\u00e7are, nd\u00ebrsa k\u00ebto kritere nuk kan\u00eb qen\u00eb t\u00eb parashikuara n\u00eb ligjin e vjet\u00ebr. prokuroria e p\u00ebrgjithshme tha p\u00ebr rtv ora se ar\u00ebsyet e organizimit t\u00eb konkursit p\u00ebr pranimin e opgj-ve n\u00eb k\u00ebt\u00eb koh\u00eb kan\u00eb t\u00eb b\u00ebjn\u00eb me mbingarkes\u00ebn q\u00eb disa prokurori rrethesh dhe krimet e r\u00ebnda kan\u00eb me \u00e7\u00ebshtje n\u00eb hetim t\u00eb cilat jan\u00eb zvarritur p\u00ebrtej afateve.<\/p>\n<p>EMRAT E OPGJ-VE T\u00cb RINJ<\/p>\n<p>ARBEN JORGAQI<br \/>\nREZART HANA<br \/>\nESMERALDA XHOLI<br \/>\nARMANDO FELAJ<br \/>\nILIR LI\u00c7O<br \/>\nENI KODRA<br \/>\nVALBONA KALA\u00c7I<br \/>\nARTOR MUJA<br \/>\nILIR NDREA<br \/>\nIBRAHIM SALIKO<br \/>\nHAMIT KASEMI<br \/>\n\u00c7LIRIM HALILI<br \/>\nORJANA CUFAJ<br \/>\nRAEL QELESHI<br \/>\nBASRI HADROI<br \/>\nBENARDIN NDOJ<br \/>\nERISELDA SHAHMANI<br \/>\nKLODJANA QAFA<br \/>\nKLODJAN HAXHILLARI<br \/>\nDIANA TAHIRAGA<br \/>\nKUJTIM ZENELAJ<br \/>\nANILA VELIU<br \/>\nSHIQIRI MANJANI<br \/>\nIBRAHIM HOXHA<br \/>\nGENTIAN NDOI<br \/>\nLEONORA NDREU<br \/>\nERMAL KACKINI<\/p>\n<p>&nbsp;<\/p>\n","protected":false},"excerpt":{"rendered":"<p>jan\u00eb zbardhur 27 emrat e rinj q\u00eb b\u00ebhen pjes\u00eb e policis\u00eb gjyq\u00ebsore t\u00eb vendit bazuar n\u00eb konkursin e organizuar nga Prokuroria e P\u00ebrgjithshme sipas ligjit t\u00eb vjet\u00ebr t\u00eb k\u00ebsaj strukture i cili shfuqizohet m\u00eb 5 qershor. Edhe pse duke u bazuar n\u00eb nj\u00eb ligj t\u00eb shfuqizuar tashm\u00eb nga parlamenti, i cili del nga zbatimi edhe [&hellip;]<\/p>\n","protected":false},"author":2013,"featured_media":87168,"comment_status":"open","ping_status":"closed","sticky":false,"template":"","format":"standard","meta":{"footnotes":""},"categories":[241,235],"tags":[],"class_list":{"0":"post-87167","1":"post","2":"type-post","3":"status-publish","4":"format-standard","5":"has-post-thumbnail","7":"category-aktualitet","8":"category-vendi"},"_links":{"self":[{"href":"https:\/\/zjarr.tv\/sq\/wp-json\/wp\/v2\/posts\/87167","targetHints":{"allow":["GET"]}}],"collection":[{"href":"https:\/\/zjarr.tv\/sq\/wp-json\/wp\/v2\/posts"}],"about":[{"href":"https:\/\/zjarr.tv\/sq\/wp-json\/wp\/v2\/types\/post"}],"author":[{"embeddable":true,"href":"https:\/\/zjarr.tv\/sq\/wp-json\/wp\/v2\/users\/2013"}],"replies":[{"embeddable":true,"href":"https:\/\/zjarr.tv\/sq\/wp-json\/wp\/v2\/comments?post=87167"}],"version-history":[{"count":0,"href":"https:\/\/zjarr.tv\/sq\/wp-json\/wp\/v2\/posts\/87167\/revisions"}],"wp:featuredmedia":[{"embeddable":true,"href":"https:\/\/zjarr.tv\/sq\/wp-json\/wp\/v2\/media\/87168"}],"wp:attachment":[{"href":"https:\/\/zjarr.tv\/sq\/wp-json\/wp\/v2\/media?parent=87167"}],"wp:term":[{"taxonomy":"category","embeddable":true,"href":"https:\/\/zjarr.tv\/sq\/wp-json\/wp\/v2\/categories?post=87167"},{"taxonomy":"post_tag","embeddable":true,"href":"https:\/\/zjarr.tv\/sq\/wp-json\/wp\/v2\/tags?post=87167"}],"curies":[{"name":"wp","href":"https:\/\/api.w.org\/{rel}","templated":true}]}}