{"id":87170,"date":"2019-06-01T16:59:21","date_gmt":"2019-06-01T14:59:21","guid":{"rendered":"https:\/\/zjarr.tv\/?p=87170"},"modified":"2019-06-01T16:59:21","modified_gmt":"2019-06-01T14:59:21","slug":"termeti-ne-korce-basha-te-shpallet-gjendje-e-jashtezakonshme","status":"publish","type":"post","link":"https:\/\/zjarr.tv\/sq\/termeti-ne-korce-basha-te-shpallet-gjendje-e-jashtezakonshme\/","title":{"rendered":"T\u00ebrmeti n\u00eb Kor\u00e7\u00eb, Basha: T\u00eb shpallet gjendje e jasht\u00ebzakonshme"},"content":{"rendered":"<p>Kryedemokrati Lulzim Basha ka reaguar p\u00ebrmes nj\u00eb postimi n\u00eb facebook, lidhur me d\u00ebmet e shkaktuara nga t\u00ebrmeti n\u00eb Kor\u00e7\u00eb. Basha k\u00ebrkon t\u00eb shpallet gjendje e jasht\u00ebzakonshme p\u00ebr ndihm\u00eb ndaj familjeve t\u00eb goditura.<\/p>\n<p>\u201cQindra banesa jan\u00eb d\u00ebmtuar nga t\u00ebrmeti q\u00eb goditi n\u00eb or\u00ebt e para t\u00eb m\u00ebngjesit rajonin e Kor\u00e7\u00ebs. Shum\u00eb banor\u00eb kan\u00eb mbetur n\u00eb qiell t\u00eb hapur dhe qindra t\u00eb tjer\u00eb jan\u00eb n\u00eb panik se \u00e7far\u00eb do t\u00eb ndodh\u00eb me banesat e tyre. Gjith\u00e7ka kishin nd\u00ebrtuar me sakrific\u00eb t\u00eb madhe \u00ebsht\u00eb shkat\u00ebrruar.\u201d Shkruan Basha nd\u00ebrsa poston foto nga d\u00ebmet e shkaktuara nga l\u00ebkundjet e t\u00ebrmetit.<\/p>\n<p>\u201cDuhet shpallur menj\u00ebher\u00eb gjendja e jasht\u00ebzakonshme n\u00eb zon\u00ebn e goditur dhe duhen dedikuar urgjent fonde p\u00ebr sht\u00ebpit\u00eb e d\u00ebmtuara. Familjeve t\u00eb mbetura n\u00eb mes t\u00eb kat\u00ebr rrug\u00ebve dhe n\u00eb gjendje tronditje dhe pamund\u00ebsie totale shteti duhet t\u2019ju ofroj\u00eb menj\u00ebher\u00eb ndihm\u00eb financiare dhe ushqim e streh\u00eb. Nuk duhet humbur asnj\u00eb \u00e7ast p\u00ebr shkak t\u00eb\u00a0 paaft\u00ebsis\u00eb apo lojrave politike, por duhet vepruar menj\u00ebher\u00eb dhe me veprime konkrete p\u00ebr t\u00eb ndihmuar banor\u00ebt e goditur.<\/p>\n<p>Familjeve t\u00eb mbetura n\u00eb mes t\u00eb kat\u00ebr rrug\u00ebve dhe n\u00eb gjendje tronditje dhe pamund\u00ebsie totale, shteti duhet t\u2019u ofroj\u00eb menj\u00ebher\u00eb ndihm\u00eb financiare dhe ushqim e streh\u00eb.\u201d \u2013 p\u00ebrfundon Basha reagimin e tij.<\/p>\n<p>&nbsp;<\/p>\n","protected":false},"excerpt":{"rendered":"<p>Kryedemokrati Lulzim Basha ka reaguar p\u00ebrmes nj\u00eb postimi n\u00eb facebook, lidhur me d\u00ebmet e shkaktuara nga t\u00ebrmeti n\u00eb Kor\u00e7\u00eb. Basha k\u00ebrkon t\u00eb shpallet gjendje e jasht\u00ebzakonshme p\u00ebr ndihm\u00eb ndaj familjeve t\u00eb goditura. \u201cQindra banesa jan\u00eb d\u00ebmtuar nga t\u00ebrmeti q\u00eb goditi n\u00eb or\u00ebt e para t\u00eb m\u00ebngjesit rajonin e Kor\u00e7\u00ebs. Shum\u00eb banor\u00eb kan\u00eb mbetur n\u00eb qiell [&hellip;]<\/p>\n","protected":false},"author":2013,"featured_media":62674,"comment_status":"open","ping_status":"closed","sticky":false,"template":"","format":"standard","meta":{"footnotes":""},"categories":[241,235],"tags":[],"class_list":{"0":"post-87170","1":"post","2":"type-post","3":"status-publish","4":"format-standard","5":"has-post-thumbnail","7":"category-aktualitet","8":"category-vendi"},"_links":{"self":[{"href":"https:\/\/zjarr.tv\/sq\/wp-json\/wp\/v2\/posts\/87170","targetHints":{"allow":["GET"]}}],"collection":[{"href":"https:\/\/zjarr.tv\/sq\/wp-json\/wp\/v2\/posts"}],"about":[{"href":"https:\/\/zjarr.tv\/sq\/wp-json\/wp\/v2\/types\/post"}],"author":[{"embeddable":true,"href":"https:\/\/zjarr.tv\/sq\/wp-json\/wp\/v2\/users\/2013"}],"replies":[{"embeddable":true,"href":"https:\/\/zjarr.tv\/sq\/wp-json\/wp\/v2\/comments?post=87170"}],"version-history":[{"count":0,"href":"https:\/\/zjarr.tv\/sq\/wp-json\/wp\/v2\/posts\/87170\/revisions"}],"wp:featuredmedia":[{"embeddable":true,"href":"https:\/\/zjarr.tv\/sq\/wp-json\/wp\/v2\/media\/62674"}],"wp:attachment":[{"href":"https:\/\/zjarr.tv\/sq\/wp-json\/wp\/v2\/media?parent=87170"}],"wp:term":[{"taxonomy":"category","embeddable":true,"href":"https:\/\/zjarr.tv\/sq\/wp-json\/wp\/v2\/categories?post=87170"},{"taxonomy":"post_tag","embeddable":true,"href":"https:\/\/zjarr.tv\/sq\/wp-json\/wp\/v2\/tags?post=87170"}],"curies":[{"name":"wp","href":"https:\/\/api.w.org\/{rel}","templated":true}]}}