{"id":87175,"date":"2019-06-01T18:40:41","date_gmt":"2019-06-01T16:40:41","guid":{"rendered":"https:\/\/zjarr.tv\/?p=87175"},"modified":"2019-06-01T17:08:41","modified_gmt":"2019-06-01T15:08:41","slug":"shuhet-papritur-vajza-e-reklamave-shqiptare-dhe-marketingut-ne-moshen-38-vjecare","status":"publish","type":"post","link":"https:\/\/zjarr.tv\/sq\/shuhet-papritur-vajza-e-reklamave-shqiptare-dhe-marketingut-ne-moshen-38-vjecare\/","title":{"rendered":"Shuhet papritur vajza e reklamave shqiptare dhe marketingut n\u00eb mosh\u00ebn 38 vje\u00e7are"},"content":{"rendered":"<p>Armanda Milushi \u00ebsht\u00eb ndar\u00eb nga jeta n\u00eb m\u00ebnyr\u00eb krejt t\u00eb papritur n\u00eb mosh\u00ebn 38 vje\u00e7are, pas nj\u00eb operacioni n\u00eb zem\u00ebr.<br \/>\nE njohur p\u00ebr energjit\u00eb e saj pozivite, ajo \u00ebsht\u00eb nd\u00ebrsa t\u00eb parat vajza q\u00eb vuri nj\u00eb gur themeli n\u00eb reklama, duke qen\u00eb nj\u00eb nd\u00ebr t\u00eb paktat q\u00eb e nisi karrier\u00ebn e marketingut thuajse dy deklada m\u00eb par\u00eb, at\u00ebher\u00eb kur marketingu ishte thjesht nj\u00eb ter,<br \/>\nArmanda Milushi, ose si\u00e7 e th\u00ebrrisnin miqt\u00eb e saj Ami, \u00ebsht\u00eb shuar n\u00eb mosh\u00eb t\u00eb re, duke l\u00ebn\u00eb n\u00eb pik\u00ebllim familjar\u00ebt, miqt\u00eb e saj por edhe t\u00eb gjith\u00eb komunitetin e reklamave.<br \/>\nArmanda, ose ndryshe \u201cvajza e reklamave\u201d ishte n\u00eb impenjime maksimale ?p\u00ebr projektin #\u200eoutdooradvertising dhe reklamat e saj n\u00eb rrug\u00ebt e qytetit ishin nj\u00eb mesazh i qart\u00eb mir\u00ebsie. N\u00eb faqen e saj n\u00eb facebook ajo postonte shpesh foto dhe video nga t\u00eb gjitha vendet turistike t\u00eb Shqip\u00ebris\u00eb dhe ishte e angazhuar edhe n\u00eb pritjen e turist\u00ebve, q\u00eb vizitonin vendin ton\u00eb.<\/p>\n","protected":false},"excerpt":{"rendered":"<p>Armanda Milushi \u00ebsht\u00eb ndar\u00eb nga jeta n\u00eb m\u00ebnyr\u00eb krejt t\u00eb papritur n\u00eb mosh\u00ebn 38 vje\u00e7are, pas nj\u00eb operacioni n\u00eb zem\u00ebr. E njohur p\u00ebr energjit\u00eb e saj pozivite, ajo \u00ebsht\u00eb nd\u00ebrsa t\u00eb parat vajza q\u00eb vuri nj\u00eb gur themeli n\u00eb reklama, duke qen\u00eb nj\u00eb nd\u00ebr t\u00eb paktat q\u00eb e nisi karrier\u00ebn e marketingut thuajse dy deklada [&hellip;]<\/p>\n","protected":false},"author":2013,"featured_media":87176,"comment_status":"open","ping_status":"closed","sticky":false,"template":"","format":"standard","meta":{"footnotes":""},"categories":[241,235],"tags":[],"class_list":{"0":"post-87175","1":"post","2":"type-post","3":"status-publish","4":"format-standard","5":"has-post-thumbnail","7":"category-aktualitet","8":"category-vendi"},"_links":{"self":[{"href":"https:\/\/zjarr.tv\/sq\/wp-json\/wp\/v2\/posts\/87175","targetHints":{"allow":["GET"]}}],"collection":[{"href":"https:\/\/zjarr.tv\/sq\/wp-json\/wp\/v2\/posts"}],"about":[{"href":"https:\/\/zjarr.tv\/sq\/wp-json\/wp\/v2\/types\/post"}],"author":[{"embeddable":true,"href":"https:\/\/zjarr.tv\/sq\/wp-json\/wp\/v2\/users\/2013"}],"replies":[{"embeddable":true,"href":"https:\/\/zjarr.tv\/sq\/wp-json\/wp\/v2\/comments?post=87175"}],"version-history":[{"count":0,"href":"https:\/\/zjarr.tv\/sq\/wp-json\/wp\/v2\/posts\/87175\/revisions"}],"wp:featuredmedia":[{"embeddable":true,"href":"https:\/\/zjarr.tv\/sq\/wp-json\/wp\/v2\/media\/87176"}],"wp:attachment":[{"href":"https:\/\/zjarr.tv\/sq\/wp-json\/wp\/v2\/media?parent=87175"}],"wp:term":[{"taxonomy":"category","embeddable":true,"href":"https:\/\/zjarr.tv\/sq\/wp-json\/wp\/v2\/categories?post=87175"},{"taxonomy":"post_tag","embeddable":true,"href":"https:\/\/zjarr.tv\/sq\/wp-json\/wp\/v2\/tags?post=87175"}],"curies":[{"name":"wp","href":"https:\/\/api.w.org\/{rel}","templated":true}]}}