{"id":87187,"date":"2019-06-01T19:20:38","date_gmt":"2019-06-01T17:20:38","guid":{"rendered":"https:\/\/zjarr.tv\/?p=87187"},"modified":"2019-06-01T17:18:34","modified_gmt":"2019-06-01T15:18:34","slug":"xhaka-i-komenton-shaqirit-para-finales-se-champions-leagues","status":"publish","type":"post","link":"https:\/\/zjarr.tv\/sq\/xhaka-i-komenton-shaqirit-para-finales-se-champions-leagues\/","title":{"rendered":"Xhaka i komenton Shaqirit para finales s\u00eb Champions Leagues"},"content":{"rendered":"<p>Xherdan Shaqiri edhe nj\u00ebher\u00eb do t\u00eb shijoj\u00eb finalen e Champions Leagues.<\/p>\n<p>Pas triumfin n\u00eb vitin 2013 me Bajern e Mynihut, dit\u00ebn e shtun\u00eb shqiptari do t\u00eb synoj\u00eb s\u00ebrish t\u00eb fitoj\u00eb trofeun m\u00eb t\u00eb r\u00ebnd\u00ebsish\u00ebm europian por k\u00ebt\u00eb her\u00eb me fanell\u00ebn e Liverpoolit.<\/p>\n<p>Shaqiri n\u00eb rrjete sociale ka publikuar fotografi nga st\u00ebrvitja e fundit, nd\u00ebrsa lojtari tjet\u00ebr shqiptar, Granit Xhaka i komentoi duke i uruar fat.<\/p>\n<p>&nbsp;<\/p>\n","protected":false},"excerpt":{"rendered":"<p>Xherdan Shaqiri edhe nj\u00ebher\u00eb do t\u00eb shijoj\u00eb finalen e Champions Leagues. Pas triumfin n\u00eb vitin 2013 me Bajern e Mynihut, dit\u00ebn e shtun\u00eb shqiptari do t\u00eb synoj\u00eb s\u00ebrish t\u00eb fitoj\u00eb trofeun m\u00eb t\u00eb r\u00ebnd\u00ebsish\u00ebm europian por k\u00ebt\u00eb her\u00eb me fanell\u00ebn e Liverpoolit. Shaqiri n\u00eb rrjete sociale ka publikuar fotografi nga st\u00ebrvitja e fundit, nd\u00ebrsa lojtari [&hellip;]<\/p>\n","protected":false},"author":2013,"featured_media":87188,"comment_status":"open","ping_status":"closed","sticky":false,"template":"","format":"standard","meta":{"footnotes":""},"categories":[241,192],"tags":[],"class_list":{"0":"post-87187","1":"post","2":"type-post","3":"status-publish","4":"format-standard","5":"has-post-thumbnail","7":"category-aktualitet","8":"category-sport"},"_links":{"self":[{"href":"https:\/\/zjarr.tv\/sq\/wp-json\/wp\/v2\/posts\/87187","targetHints":{"allow":["GET"]}}],"collection":[{"href":"https:\/\/zjarr.tv\/sq\/wp-json\/wp\/v2\/posts"}],"about":[{"href":"https:\/\/zjarr.tv\/sq\/wp-json\/wp\/v2\/types\/post"}],"author":[{"embeddable":true,"href":"https:\/\/zjarr.tv\/sq\/wp-json\/wp\/v2\/users\/2013"}],"replies":[{"embeddable":true,"href":"https:\/\/zjarr.tv\/sq\/wp-json\/wp\/v2\/comments?post=87187"}],"version-history":[{"count":0,"href":"https:\/\/zjarr.tv\/sq\/wp-json\/wp\/v2\/posts\/87187\/revisions"}],"wp:featuredmedia":[{"embeddable":true,"href":"https:\/\/zjarr.tv\/sq\/wp-json\/wp\/v2\/media\/87188"}],"wp:attachment":[{"href":"https:\/\/zjarr.tv\/sq\/wp-json\/wp\/v2\/media?parent=87187"}],"wp:term":[{"taxonomy":"category","embeddable":true,"href":"https:\/\/zjarr.tv\/sq\/wp-json\/wp\/v2\/categories?post=87187"},{"taxonomy":"post_tag","embeddable":true,"href":"https:\/\/zjarr.tv\/sq\/wp-json\/wp\/v2\/tags?post=87187"}],"curies":[{"name":"wp","href":"https:\/\/api.w.org\/{rel}","templated":true}]}}