{"id":87192,"date":"2019-06-01T19:40:20","date_gmt":"2019-06-01T17:40:20","guid":{"rendered":"https:\/\/zjarr.tv\/?p=87192"},"modified":"2019-06-01T17:21:47","modified_gmt":"2019-06-01T15:21:47","slug":"cikalleshi-zbulon-skemen-e-rejes-jemi-gati-per-te-luajtur-me-2-sulmues","status":"publish","type":"post","link":"https:\/\/zjarr.tv\/sq\/cikalleshi-zbulon-skemen-e-rejes-jemi-gati-per-te-luajtur-me-2-sulmues\/","title":{"rendered":"Cikalleshi &#8216;zbulon&#8217; skem\u00ebn e Rej\u00ebs: Jemi gati p\u00ebr t\u00eb luajtur me 2 sulmues"},"content":{"rendered":"<p>Sokol Cikalleshi ka folur p\u00ebr rikthimin n\u00eb Komb\u00ebtare pas nj\u00eb mungese t\u00eb gjat\u00eb.<\/p>\n<p>N\u00eb nj\u00eb intervist\u00eb p\u00ebr \u201cSupersport\u201d, bomberi kavajas tregon atmosfer\u00ebn n\u00eb ekipin kuqezi q\u00eb tashm\u00eb \u00ebsht\u00eb n\u00ebn udh\u00ebheqjen e trajnerit t\u00eb ri Edi Reja.<\/p>\n<p>Cikalleshi gjithashtu foli edhe p\u00ebr mund\u00ebsit\u00eb m\u00eb t\u00eb shumta q\u00eb ka p\u00ebr t\u00eb qen\u00eb pjes\u00eb e formacionit titullar.<\/p>\n<p>Si po shkon java e par\u00eb e grumbullimit me Komb\u00ebtaren Shqiptare?<br \/>\nJemi k\u00ebtu prej disa dit\u00ebsh dhe \u00e7do gj\u00eb po shkon m\u00eb s\u00eb miri. Ambienti ka ndryshuar dhe ka m\u00eb shum\u00eb pozitivitet mes nesh. St\u00ebrvitjet jan\u00eb mjaft t\u00eb mira dhe n\u00eb ritmin e duhur. Duhet t\u00eb vijojm\u00eb k\u00ebshtu, pasi jemi n\u00eb rrug\u00ebn e duhur.<\/p>\n<p>Mendoni q\u00eb skuadra ka gjetur qet\u00ebsin\u00eb dhe frym\u00ebn e lart\u00eb t\u00eb grupit, n\u00ebn drejtimin e Rejas?<br \/>\nDuket qart\u00eb ndryshimi mes Panuccit dhe Rejas, pasi si lojtar\u00ebt, ashtu edhe stafi, jan\u00eb shum\u00eb m\u00eb t\u00eb lirsh\u00ebm. Reja \u00ebsht\u00eb nj\u00eb trajner q\u00eb u jep hap\u00ebsir\u00ebn e duhur lojtar\u00ebve, brenda normave t\u00eb profesionalizimit. Ka qen\u00eb shum\u00eb af\u00ebr me t\u00eb gjith\u00eb lojtar\u00ebt, duke folur me t\u00eb gjith\u00eb personalisht dhe kjo rrit harmonin\u00eb e na nxit t\u00eb japim maksimumin si brenda, edhe jasht\u00eb fushe.<\/p>\n<p>Keni munguar p\u00ebr gati nj\u00eb vit n\u00eb Komb\u00ebtare. \u00c7far\u00eb ka ndryshuar nga qershori i 2018-\u00ebs, n\u00eb qershorin e k\u00ebtij viti?<br \/>\nU b\u00eb nj\u00eb periudh\u00eb e gjat\u00eb mungese, pasi gjat\u00eb vitit t\u00eb kaluar kam qen\u00eb i d\u00ebmtuar n\u00eb koh\u00ebt e grumbullimeve, por ka pasur raste kur ka peshuar edhe vendimi i Panuccit p\u00ebr t\u00eb m\u00eb l\u00ebn\u00eb jasht\u00eb. Jan\u00eb gj\u00ebra t\u00eb kaluara tashm\u00eb, nd\u00ebrsa un\u00eb jam gati t\u00eb b\u00ebj m\u00eb t\u00eb mir\u00ebn n\u00eb fush\u00eb dhe t\u00eb ndihmoj shok\u00ebt. Shpresoj t\u00eb gjejm\u00eb rezultatet e duhura.<\/p>\n<p>Reja preferon skem\u00ebn 3-5-2, gj\u00eb q\u00eb pritet ta aplikoj\u00eb edhe te Shqip\u00ebria. Preferoni t\u00eb luani si sulmues i vet\u00ebm, apo me nj\u00eb partner n\u00eb krah?<br \/>\nGjat\u00eb st\u00ebrvitjeve q\u00eb kemi b\u00ebr\u00eb, kemi praktikuar skem\u00ebn 3-5-2. Prej nj\u00eb kohe t\u00eb gjat\u00eb kemi luajtur me nj\u00eb sulmues dhe konkurrenca dhe harmonia mes sulmuesve ka qen\u00eb shum\u00eb e mir\u00eb. Tani rriten shanset q\u00eb t\u00eb luajn\u00eb dy dhe mendoj se \u00ebsht\u00eb shum\u00eb mir\u00eb. R\u00ebnd\u00ebsi ka q\u00eb t\u00eb skema t\u00eb aplikohet mir\u00eb dhe t\u00eb sjell\u00eb rezultat p\u00ebr Shqip\u00ebrin\u00eb.<\/p>\n<p>Cila do t\u00eb jet\u00eb e ardhmja e Cikalleshit, pasi Akhisar ra n\u00eb lig\u00ebn e dyt\u00eb turke?<br \/>\nUn\u00eb kam nj\u00eb kontrat\u00eb 3-vje\u00e7are me Akhisarin dhe jam pjes\u00eb e k\u00ebtij ekipi. Sa koh\u00eb q\u00eb jam aty, nuk mund t\u00eb flas shum\u00eb, ndon\u00ebse mund t\u00eb them q\u00eb preferoj t\u00eb q\u00ebndroj n\u00eb Superlig\u00ebn turke. Kam pasur kontakte, por \u00ebsht\u00eb ende her\u00ebt p\u00ebr t\u00eb folur p\u00ebr merkaton. Fillimisht t\u00eb p\u00ebrqendrohemi te Komb\u00ebtarja dhe pastaj do t\u00eb merrem edhe me t\u00eb ardhmen time. Me shum\u00eb gjasa do t\u00eb vijoj n\u00eb Superlig\u00ebn turke.<\/p>\n<p>&nbsp;<\/p>\n","protected":false},"excerpt":{"rendered":"<p>Sokol Cikalleshi ka folur p\u00ebr rikthimin n\u00eb Komb\u00ebtare pas nj\u00eb mungese t\u00eb gjat\u00eb. N\u00eb nj\u00eb intervist\u00eb p\u00ebr \u201cSupersport\u201d, bomberi kavajas tregon atmosfer\u00ebn n\u00eb ekipin kuqezi q\u00eb tashm\u00eb \u00ebsht\u00eb n\u00ebn udh\u00ebheqjen e trajnerit t\u00eb ri Edi Reja. Cikalleshi gjithashtu foli edhe p\u00ebr mund\u00ebsit\u00eb m\u00eb t\u00eb shumta q\u00eb ka p\u00ebr t\u00eb qen\u00eb pjes\u00eb e formacionit titullar. Si [&hellip;]<\/p>\n","protected":false},"author":2013,"featured_media":87193,"comment_status":"open","ping_status":"closed","sticky":false,"template":"","format":"standard","meta":{"footnotes":""},"categories":[241,192],"tags":[],"class_list":{"0":"post-87192","1":"post","2":"type-post","3":"status-publish","4":"format-standard","5":"has-post-thumbnail","7":"category-aktualitet","8":"category-sport"},"_links":{"self":[{"href":"https:\/\/zjarr.tv\/sq\/wp-json\/wp\/v2\/posts\/87192","targetHints":{"allow":["GET"]}}],"collection":[{"href":"https:\/\/zjarr.tv\/sq\/wp-json\/wp\/v2\/posts"}],"about":[{"href":"https:\/\/zjarr.tv\/sq\/wp-json\/wp\/v2\/types\/post"}],"author":[{"embeddable":true,"href":"https:\/\/zjarr.tv\/sq\/wp-json\/wp\/v2\/users\/2013"}],"replies":[{"embeddable":true,"href":"https:\/\/zjarr.tv\/sq\/wp-json\/wp\/v2\/comments?post=87192"}],"version-history":[{"count":0,"href":"https:\/\/zjarr.tv\/sq\/wp-json\/wp\/v2\/posts\/87192\/revisions"}],"wp:featuredmedia":[{"embeddable":true,"href":"https:\/\/zjarr.tv\/sq\/wp-json\/wp\/v2\/media\/87193"}],"wp:attachment":[{"href":"https:\/\/zjarr.tv\/sq\/wp-json\/wp\/v2\/media?parent=87192"}],"wp:term":[{"taxonomy":"category","embeddable":true,"href":"https:\/\/zjarr.tv\/sq\/wp-json\/wp\/v2\/categories?post=87192"},{"taxonomy":"post_tag","embeddable":true,"href":"https:\/\/zjarr.tv\/sq\/wp-json\/wp\/v2\/tags?post=87192"}],"curies":[{"name":"wp","href":"https:\/\/api.w.org\/{rel}","templated":true}]}}