{"id":87201,"date":"2019-06-01T20:10:32","date_gmt":"2019-06-01T18:10:32","guid":{"rendered":"https:\/\/zjarr.tv\/?p=87201"},"modified":"2019-06-01T17:26:30","modified_gmt":"2019-06-01T15:26:30","slug":"historiku-1-qershori-dita-kur-femijet-gezojne-ne-te-gjithe-boten","status":"publish","type":"post","link":"https:\/\/zjarr.tv\/sq\/historiku-1-qershori-dita-kur-femijet-gezojne-ne-te-gjithe-boten\/","title":{"rendered":"Historiku\/ 1 Qershori, dita kur f\u00ebmij\u00ebt g\u00ebzojn\u00eb n\u00eb t\u00eb gjith\u00eb bot\u00ebn"},"content":{"rendered":"<p>Dita e F\u00ebmij\u00ebve sh\u00ebnohet me 1 qershor n\u00eb mbar\u00eb bot\u00ebn. Por cili \u00ebsht\u00eb historiku prapa k\u00ebsaj dite? F\u00ebmij\u00ebt e t\u00eb gjitha moshave k\u00ebrkojn\u00eb, q\u00eb sot t\u00eb ndihen t\u00eb lumtur dhe t\u00eb festojn\u00eb me prind\u00ebrit dhe bashk\u00ebmoshatar\u00ebt e tyre.<\/p>\n<p>Kjo dit\u00eb nuk \u00ebsht\u00eb vet\u00ebm dit\u00eb Festive, por nj\u00ebher\u00ebsh 1 qershori sh\u00ebrben p\u00ebr t\u00eb sensibilizuar dhe p\u00ebr t\u2019i th\u00ebn\u00eb jo dhun\u00ebs dhe abuzimit ndaj f\u00ebmij\u00ebve. \u00cbsht\u00eb dita kur vet\u00eb f\u00ebmij\u00ebt ngren\u00eb z\u00ebrin p\u00ebr t\u00eb drejtat e tyre, por n\u00eb ndryshim nga t\u00eb rriturit, protesta e tyre b\u00ebhet me loj\u00ebra festive.<\/p>\n<p>Dita e f\u00ebmij\u00ebve u vendos n\u00eb dat\u00ebn 1 qershor, sepse n\u00eb k\u00ebt\u00eb dat\u00eb \u00ebsht\u00eb mbajtur Konferenca Bot\u00ebrore e Mir\u00ebqenies s\u00eb F\u00ebmij\u00ebve n\u00eb Gjenev\u00eb, n\u00eb 1925. N\u00eb t\u00eb nj\u00ebjt\u00ebn dit\u00eb, konsulli i p\u00ebrgjithsh\u00ebm kinez n\u00eb San Francisko mblodhi s\u00eb bashku nj\u00eb num\u00ebr t\u00eb konsideruesh\u00ebm f\u00ebmij\u00ebsh jetim\u00eb kinez\u00eb t\u00eb festonin n\u00eb festivalin e \u201cAnijes s\u00eb Dragoit\u201d.<\/p>\n<p>Dy vite m\u00eb pas festa e 1 qershorit filloi t\u00eb festohet n\u00eb t\u00eb gjith\u00eb bot\u00ebn. N\u00eb Shqip\u00ebri, por edhe n\u00eb t\u00eb gjith\u00eb vendet e bot\u00ebs,\u00a0 sot f\u00ebmij\u00ebt kan\u00eb dit\u00ebn e tyre t\u00eb fest\u00ebs. Nuk do t\u00eb mungojn\u00eb edhe aktivitetet e larmishme q\u00eb do t\u00eb organizohen p\u00ebr ta b\u00ebr\u00eb k\u00ebt\u00eb dit\u00eb sa m\u00eb t\u00eb bukur p\u00ebr t\u00eb vegjlit.<\/p>\n<p>&nbsp;<\/p>\n","protected":false},"excerpt":{"rendered":"<p>Dita e F\u00ebmij\u00ebve sh\u00ebnohet me 1 qershor n\u00eb mbar\u00eb bot\u00ebn. Por cili \u00ebsht\u00eb historiku prapa k\u00ebsaj dite? F\u00ebmij\u00ebt e t\u00eb gjitha moshave k\u00ebrkojn\u00eb, q\u00eb sot t\u00eb ndihen t\u00eb lumtur dhe t\u00eb festojn\u00eb me prind\u00ebrit dhe bashk\u00ebmoshatar\u00ebt e tyre. Kjo dit\u00eb nuk \u00ebsht\u00eb vet\u00ebm dit\u00eb Festive, por nj\u00ebher\u00ebsh 1 qershori sh\u00ebrben p\u00ebr t\u00eb sensibilizuar dhe p\u00ebr [&hellip;]<\/p>\n","protected":false},"author":2013,"featured_media":87202,"comment_status":"open","ping_status":"closed","sticky":false,"template":"","format":"standard","meta":{"footnotes":""},"categories":[241,191],"tags":[],"class_list":{"0":"post-87201","1":"post","2":"type-post","3":"status-publish","4":"format-standard","5":"has-post-thumbnail","7":"category-aktualitet","8":"category-bota"},"_links":{"self":[{"href":"https:\/\/zjarr.tv\/sq\/wp-json\/wp\/v2\/posts\/87201","targetHints":{"allow":["GET"]}}],"collection":[{"href":"https:\/\/zjarr.tv\/sq\/wp-json\/wp\/v2\/posts"}],"about":[{"href":"https:\/\/zjarr.tv\/sq\/wp-json\/wp\/v2\/types\/post"}],"author":[{"embeddable":true,"href":"https:\/\/zjarr.tv\/sq\/wp-json\/wp\/v2\/users\/2013"}],"replies":[{"embeddable":true,"href":"https:\/\/zjarr.tv\/sq\/wp-json\/wp\/v2\/comments?post=87201"}],"version-history":[{"count":0,"href":"https:\/\/zjarr.tv\/sq\/wp-json\/wp\/v2\/posts\/87201\/revisions"}],"wp:featuredmedia":[{"embeddable":true,"href":"https:\/\/zjarr.tv\/sq\/wp-json\/wp\/v2\/media\/87202"}],"wp:attachment":[{"href":"https:\/\/zjarr.tv\/sq\/wp-json\/wp\/v2\/media?parent=87201"}],"wp:term":[{"taxonomy":"category","embeddable":true,"href":"https:\/\/zjarr.tv\/sq\/wp-json\/wp\/v2\/categories?post=87201"},{"taxonomy":"post_tag","embeddable":true,"href":"https:\/\/zjarr.tv\/sq\/wp-json\/wp\/v2\/tags?post=87201"}],"curies":[{"name":"wp","href":"https:\/\/api.w.org\/{rel}","templated":true}]}}