{"id":87210,"date":"2019-06-01T20:40:26","date_gmt":"2019-06-01T18:40:26","guid":{"rendered":"https:\/\/zjarr.tv\/?p=87210"},"modified":"2019-06-01T17:31:18","modified_gmt":"2019-06-01T15:31:18","slug":"ne-prag-te-vizites-se-presidentit-trump-ne-britanine-e-madhe","status":"publish","type":"post","link":"https:\/\/zjarr.tv\/sq\/ne-prag-te-vizites-se-presidentit-trump-ne-britanine-e-madhe\/","title":{"rendered":"N\u00eb prag t\u00eb vizit\u00ebs s\u00eb Presidentit Trump n\u00eb Britanin\u00eb e Madhe"},"content":{"rendered":"<p>Presidenti Donald Trump do t\u00eb jet\u00eb n\u00eb Britani m\u00eb 3 qershor p\u00ebr nj\u00eb vizit\u00eb shtet\u00ebrore me ftes\u00ebn e Mbret\u00ebresh\u00ebs s\u00eb Anglis\u00eb, Elizabeth e Dyt\u00eb. Ai do t\u00eb marr\u00eb pjes\u00eb n\u00eb aktivitete p\u00ebr nder t\u00eb 75 vjetorit t\u00eb Dit\u00ebs s\u00eb Zbarkimit t\u00eb Aleat\u00ebve n\u00eb Normandi. Sht\u00ebpia e Bardh\u00eb thot\u00eb se ky udh\u00ebtim do t\u00eb rikonfirmoj\u00eb \u201cmarr\u00ebdh\u00ebnien e fort\u00eb dhe t\u00eb ve\u00e7ant\u00eb\u201d mes dy vendeve. Por si\u00e7 njofton korrespondentja e Sht\u00ebpis\u00eb s\u00eb Bardh\u00eb, Patsy Widakuswara vizita nuk do t\u00eb jet\u00eb vet\u00ebm madh\u00ebshtore. Ajo do t\u00eb shoq\u00ebrohet me protesta.<\/p>\n<p>M\u00eb 3 qershor, Presidenti Donald Trump dhe Zonja e Par\u00eb, Melania Trump do t\u00eb takohen me Mbret\u00ebresh\u00ebn Elizabeth II n\u00eb nj\u00eb vizit\u00eb shtet\u00ebrore, pasi u takuan me t\u00eb nj\u00eb vizit\u00eb pune t\u00eb Presidentit Trump n\u00eb Britani, vitin e kaluar.<\/p>\n<p>Nj\u00eb vizit\u00eb shtet\u00ebrore ka m\u00eb shum\u00eb pompozitet dhe ceremoni dhe vendi mikprit\u00ebs paguan koston. Ftesa ishte b\u00ebr\u00eb fillimisht q\u00eb kur zoti Trump mori detyr\u00ebn, por u shty p\u00ebr disa arsye, p\u00ebrfshir\u00eb ato t\u00eb siguris\u00eb.<\/p>\n<p>\u201cU planifikua dhe u shty disa her\u00eb. Ka gjithmon\u00eb debate kur b\u00ebhet fjal\u00eb p\u00ebr nj\u00eb vizit\u00eb shtet\u00ebrore p\u00ebr Donald Trumpin\u201d, thot\u00eb Charles Kupchan o K\u00ebshillit p\u00ebr Marr\u00ebdh\u00ebniet me Jasht\u00eb.<\/p>\n<p>75 vjet pasi 150,000 trupa aleate p\u00ebrzun\u00eb forcat gjermane nga Franca, zoti Trump do ta sh\u00ebnoj\u00eb k\u00ebt\u00eb p\u00ebrvjetor n\u00eb Portsmouth dhe n\u00eb Normandi t\u00eb Franc\u00ebs.<\/p>\n<p>Presidenti do t\u00eb marr\u00eb pjes\u00eb n\u00eb nj\u00eb banket shtet\u00ebror n\u00eb Pallatin Buckingham dhe nj\u00eb takim dypal\u00ebsh me Kryeministren Theresa May, e cila largohet nga detyra, dy dit\u00eb pasi largohet zoti Trump, p\u00ebr shkak t\u00eb d\u00ebshtimit p\u00ebr arritjen e nj\u00eb marr\u00ebveshjeje p\u00ebr daljen e Britanis\u00eb nga BE-ja.<\/p>\n<p>\u201cParashikoj q\u00eb ta vler\u00ebsoj\u00eb lart zonj\u00ebn May n\u00eb fjalimet publike dhe t\u2019i uroj\u00eb m\u00eb t\u00eb mir\u00ebn. Por nuk mendoj se marr\u00ebdh\u00ebnia \u00ebsht\u00eb shum\u00eb e thell\u00eb. Nuk mendoj se jan\u00eb dakord p\u00ebr shum\u00eb tema, apo se kan\u00eb ndonj\u00eb lidhje t\u00eb fort\u00eb\u201d, thot\u00eb Jacob Parakilas i organizat\u00ebs Chatham House.<\/p>\n<p>Dit\u00eb para nisjes s\u00eb tij, zoti Trump tha se mund t\u00eb takohet me politikan\u00ebt pro-Brexit, Boris Johnson dhe Nigel Farage, q\u00eb duan t\u2019i z\u00ebn\u00eb vendin zonj\u00ebs May.<\/p>\n<p>\u201cNuk \u00ebsht\u00eb puna ime t\u00eb mb\u00ebshtes nj\u00ebrin apo tjetrin. Por kam respekt p\u00ebr t\u00eb dy k\u00ebta persona\u201d, tha ai.<\/p>\n<p>Presidenti Trump dhe kryeministrja May gjithsesi mund t\u00eb diskutojn\u00eb \u00e7\u00ebshtje t\u00eb r\u00ebnd\u00ebsishme lidhur me marr\u00ebdh\u00ebnien SHBA-Britani, p\u00ebrfshir\u00eb negociata p\u00ebr nj\u00eb marr\u00ebdh\u00ebnie treg\u00ebtare dhe se si t\u00eb p\u00ebrballen me Iranin dhe Kin\u00ebn.<\/p>\n<p>\u201cVe\u00e7an\u00ebrisht \u00e7\u00ebshtjen \u2018Huawei\u2019 por edhe p\u00ebr investimet kineze m\u00eb gjer\u00eb, ku Shtetet e Bashkuara kan\u00eb mbajtur nj\u00eb q\u00ebndrim m\u00eb t\u00eb rrept\u00eb sesa Britania. \u00cbsht\u00eb edhe \u00e7\u00ebshtja e p\u00ebrballjes me Iranin p\u00ebr t\u00eb cil\u00ebn SHBA n\u00ebn administrat\u00ebn e presidentit Trump \u00ebsht\u00eb m\u00eb e prirur, sesa Britania dhe Franca\u201d, thot\u00eb zoti Parakilas.<\/p>\n<p>Vitin e kaluar, mbi 100,000 vet\u00eb protestuan n\u00eb Lond\u00ebr dhe qytete t\u00eb tjera britanike. K\u00ebt\u00eb vit, organizator\u00ebt thon\u00eb se presin q\u00eb nj\u00eb num\u00ebr i ngjash\u00ebm demonstruesish t\u00eb protestoj\u00eb kund\u00ebr politikave t\u00eb Presidentit Trump, p\u00ebrfshir\u00eb imigracionin dhe ndryshimet e klim\u00ebs<\/p>\n<p>&nbsp;<\/p>\n","protected":false},"excerpt":{"rendered":"<p>Presidenti Donald Trump do t\u00eb jet\u00eb n\u00eb Britani m\u00eb 3 qershor p\u00ebr nj\u00eb vizit\u00eb shtet\u00ebrore me ftes\u00ebn e Mbret\u00ebresh\u00ebs s\u00eb Anglis\u00eb, Elizabeth e Dyt\u00eb. Ai do t\u00eb marr\u00eb pjes\u00eb n\u00eb aktivitete p\u00ebr nder t\u00eb 75 vjetorit t\u00eb Dit\u00ebs s\u00eb Zbarkimit t\u00eb Aleat\u00ebve n\u00eb Normandi. Sht\u00ebpia e Bardh\u00eb thot\u00eb se ky udh\u00ebtim do t\u00eb rikonfirmoj\u00eb \u201cmarr\u00ebdh\u00ebnien [&hellip;]<\/p>\n","protected":false},"author":2013,"featured_media":87211,"comment_status":"open","ping_status":"closed","sticky":false,"template":"","format":"standard","meta":{"footnotes":""},"categories":[241,191],"tags":[],"class_list":{"0":"post-87210","1":"post","2":"type-post","3":"status-publish","4":"format-standard","5":"has-post-thumbnail","7":"category-aktualitet","8":"category-bota"},"_links":{"self":[{"href":"https:\/\/zjarr.tv\/sq\/wp-json\/wp\/v2\/posts\/87210","targetHints":{"allow":["GET"]}}],"collection":[{"href":"https:\/\/zjarr.tv\/sq\/wp-json\/wp\/v2\/posts"}],"about":[{"href":"https:\/\/zjarr.tv\/sq\/wp-json\/wp\/v2\/types\/post"}],"author":[{"embeddable":true,"href":"https:\/\/zjarr.tv\/sq\/wp-json\/wp\/v2\/users\/2013"}],"replies":[{"embeddable":true,"href":"https:\/\/zjarr.tv\/sq\/wp-json\/wp\/v2\/comments?post=87210"}],"version-history":[{"count":0,"href":"https:\/\/zjarr.tv\/sq\/wp-json\/wp\/v2\/posts\/87210\/revisions"}],"wp:featuredmedia":[{"embeddable":true,"href":"https:\/\/zjarr.tv\/sq\/wp-json\/wp\/v2\/media\/87211"}],"wp:attachment":[{"href":"https:\/\/zjarr.tv\/sq\/wp-json\/wp\/v2\/media?parent=87210"}],"wp:term":[{"taxonomy":"category","embeddable":true,"href":"https:\/\/zjarr.tv\/sq\/wp-json\/wp\/v2\/categories?post=87210"},{"taxonomy":"post_tag","embeddable":true,"href":"https:\/\/zjarr.tv\/sq\/wp-json\/wp\/v2\/tags?post=87210"}],"curies":[{"name":"wp","href":"https:\/\/api.w.org\/{rel}","templated":true}]}}