{"id":87222,"date":"2019-06-01T17:39:05","date_gmt":"2019-06-01T15:39:05","guid":{"rendered":"https:\/\/zjarr.tv\/?p=87222"},"modified":"2019-06-01T17:39:05","modified_gmt":"2019-06-01T15:39:05","slug":"nis-fushata-rama-zgjedhjet-jane-tuajat-askush-sdo-ju-pengoje","status":"publish","type":"post","link":"https:\/\/zjarr.tv\/sq\/nis-fushata-rama-zgjedhjet-jane-tuajat-askush-sdo-ju-pengoje\/","title":{"rendered":"Nis fushata\/ Rama: Zgjedhjet jan\u00eb tuajat, askush s\u2019do ju pengoj\u00eb"},"content":{"rendered":"<p>Kryeministri i vendit Edi Rama n\u00eb nisje t\u00eb fushat\u00ebs elektorale tha se do t\u00eb nisin bashk\u00eb me qytetar\u00ebt shqiptar\u00eb nj\u00eb marton\u00eb 30 ditore e cila do i siguroj\u00eb PS-s\u00eb drejtimin n\u00eb t\u00eb gjtiha bashkit\u00eb e vendit.<\/p>\n<p>\u201cSot nis martona jon\u00eb 30 ditore p\u00ebr zgjedhjet e 30 qershorit dhe konfirmimin e PS dhe kandidat\u00ebve tan\u00eb si forca e padiskutueshme udh\u00ebrheq\u00ebse n\u00eb \u00e7do bashki t\u00eb Shqip\u00ebris\u00eb. Sot nis nj\u00eb marton\u00eb p\u00ebr nj\u00eb betej\u00eb politike, m\u00eb t\u00eb qart\u00eb se asnj\u00ebher\u00eb m\u00eb par\u00eb, mes s\u00eb shkuar\u00ebs dhe s\u00eb ardhmes, mes nesh q\u00eb duam ta \u00e7ojm\u00eb Shqip\u00ebrin\u00eb p\u00ebrpara me program, ide dhe pun\u00eb dhe atyre q\u00eb duan ta kthejn\u00eb mbrapa me balt\u00eb sherr e konflikte, mes nesh q\u00eb duam nj\u00eb vend normal p\u00ebr f\u00ebmij\u00ebt tan\u00eb dhe atyre q\u00eb duan ve\u00e7 pushtet\u201d,- tha ai.<\/p>\n<p>Rama u shpreh se zgjedhjet nnuk do t\u00eb shtyhen dhe se ky \u00ebsht\u00eb nj\u00eb vendim q\u00eb nuk bie ndesh me demokracin\u00eb. Sipas tij, n\u00ebse opozita do pengohej t\u00eb hynte n\u00eb zgjedhje do ishte jodemokratike.<br \/>\nvijon<\/p>\n<p>&nbsp;<\/p>\n","protected":false},"excerpt":{"rendered":"<p>Kryeministri i vendit Edi Rama n\u00eb nisje t\u00eb fushat\u00ebs elektorale tha se do t\u00eb nisin bashk\u00eb me qytetar\u00ebt shqiptar\u00eb nj\u00eb marton\u00eb 30 ditore e cila do i siguroj\u00eb PS-s\u00eb drejtimin n\u00eb t\u00eb gjtiha bashkit\u00eb e vendit. \u201cSot nis martona jon\u00eb 30 ditore p\u00ebr zgjedhjet e 30 qershorit dhe konfirmimin e PS dhe kandidat\u00ebve tan\u00eb si [&hellip;]<\/p>\n","protected":false},"author":2013,"featured_media":87223,"comment_status":"open","ping_status":"closed","sticky":false,"template":"","format":"standard","meta":{"footnotes":""},"categories":[241,235],"tags":[],"class_list":{"0":"post-87222","1":"post","2":"type-post","3":"status-publish","4":"format-standard","5":"has-post-thumbnail","7":"category-aktualitet","8":"category-vendi"},"_links":{"self":[{"href":"https:\/\/zjarr.tv\/sq\/wp-json\/wp\/v2\/posts\/87222","targetHints":{"allow":["GET"]}}],"collection":[{"href":"https:\/\/zjarr.tv\/sq\/wp-json\/wp\/v2\/posts"}],"about":[{"href":"https:\/\/zjarr.tv\/sq\/wp-json\/wp\/v2\/types\/post"}],"author":[{"embeddable":true,"href":"https:\/\/zjarr.tv\/sq\/wp-json\/wp\/v2\/users\/2013"}],"replies":[{"embeddable":true,"href":"https:\/\/zjarr.tv\/sq\/wp-json\/wp\/v2\/comments?post=87222"}],"version-history":[{"count":0,"href":"https:\/\/zjarr.tv\/sq\/wp-json\/wp\/v2\/posts\/87222\/revisions"}],"wp:featuredmedia":[{"embeddable":true,"href":"https:\/\/zjarr.tv\/sq\/wp-json\/wp\/v2\/media\/87223"}],"wp:attachment":[{"href":"https:\/\/zjarr.tv\/sq\/wp-json\/wp\/v2\/media?parent=87222"}],"wp:term":[{"taxonomy":"category","embeddable":true,"href":"https:\/\/zjarr.tv\/sq\/wp-json\/wp\/v2\/categories?post=87222"},{"taxonomy":"post_tag","embeddable":true,"href":"https:\/\/zjarr.tv\/sq\/wp-json\/wp\/v2\/tags?post=87222"}],"curies":[{"name":"wp","href":"https:\/\/api.w.org\/{rel}","templated":true}]}}