{"id":87228,"date":"2019-06-01T21:20:38","date_gmt":"2019-06-01T19:20:38","guid":{"rendered":"https:\/\/zjarr.tv\/?p=87228"},"modified":"2019-06-01T17:44:12","modified_gmt":"2019-06-01T15:44:12","slug":"kim-jong-un-ekzekuton-ata-qe-jane-pergjegjes-per-negociatat-e-deshtuara-me-shba","status":"publish","type":"post","link":"https:\/\/zjarr.tv\/sq\/kim-jong-un-ekzekuton-ata-qe-jane-pergjegjes-per-negociatat-e-deshtuara-me-shba\/","title":{"rendered":"Kim Jong-Un ekzekuton ata q\u00eb jan\u00eb p\u00ebrgjegj\u00ebs p\u00ebr &#8216;negociatat e d\u00ebshtuara&#8217; me SHBA"},"content":{"rendered":"<p>Pas d\u00ebshtimit t\u00eb takimit t\u00eb dyt\u00eb me SHBA n\u00eb Hanoi, presidenti i Kores\u00eb s\u00eb Veriut Kim Jong-un &#8220;spastroi zyrtar\u00ebt&#8221; e konsideruar &#8220;p\u00ebrgjegj\u00ebs&#8221;.<br \/>\nKryenegociatori Kim Hyok-chol u ekzekutua n\u00eb mars, nd\u00ebrsa Kim Yong-chol, ish-krahu i Kim, p\u00ebrfundoi n\u00eb nj\u00eb kamp ri-edukimi.<br \/>\nUdh\u00ebheq\u00ebsi suprem nuk kurseu as motr\u00ebn m\u00eb t\u00eb re (t\u00eb kudondodhur) Kim Yo-jong, s\u00eb cil\u00eb &#8220;ai ishte k\u00ebshilluar t\u00eb mbante nj\u00eb profil m\u00eb t\u00eb ul\u00ebt&#8221;.<br \/>\nKim Hyok-chol, homologu i p\u00ebrfaq\u00ebsuesit t\u00eb posa\u00e7\u00ebm t\u00eb Amerik\u00ebs s\u00eb Veriut, Stephen Biegun, p\u00ebrfundoi n\u00eb mars p\u00ebrpara skuadr\u00ebs s\u00eb qitjes me kat\u00ebr zyrtar\u00eb t\u00eb tjer\u00eb t\u00eb lart\u00eb, t\u00eb vendosur n\u00eb aeroportin Mirim, me akuza p\u00ebr spiunazh n\u00eb em\u00ebr t\u00eb SHBA .<br \/>\nLajmi b\u00ebhet i ditur nga nj\u00eb gazet\u00eb nga Seuli, sipas s\u00eb cil\u00ebs Kim Yong-chol, bashk\u00ebbisedues i Sekretarit t\u00eb Shtetit Mike Pompeo, t\u00eb cilin e takoi gjithashtu n\u00eb Uashington (ku u prit n\u00eb Sht\u00ebpin\u00eb e Bardh\u00eb nga Donald Trump), u sanksionua me pun\u00eb t\u00eb detyruar n\u00eb krahin\u00eb e Jagang, nd\u00ebrsa Kim Song-hye i Departamentit t\u00eb Frontit t\u00eb Bashkuar p\u00ebrfundoi n\u00eb nj\u00eb kamp p\u00ebr t\u00eb burgosurit politik\u00eb.<br \/>\nNd\u00ebshkimi, ndoshta n\u00eb nj\u00eb kamp burgim, madje edhe p\u00ebr p\u00ebrkthyesen e liderit, Shin Hye-yong: ajo ishte akuzuar p\u00ebr &#8220;njoll\u00ebn e autoritetit&#8221; t\u00eb Kim p\u00ebr nj\u00eb gabim n\u00eb Hanoi gjat\u00eb pun\u00ebs s\u00eb saj t\u00eb p\u00ebrkthimit.<br \/>\nKim Yong-chol, sipas nj\u00eb d\u00ebrgimi n\u00eb fillim t\u00eb prillit t\u00eb agjencis\u00eb Kna p\u00ebr vendimet q\u00eb do t\u00eb merreshin n\u00eb seanc\u00ebn plenare t\u00eb Kuvendit Popullor t\u00eb Popullit, u bashkua me komisionin e fuqish\u00ebm mbi \u00e7\u00ebshtjet e shtetit, kryesuar nga udh\u00ebheq\u00ebsi, me p\u00ebrfaq\u00ebsuesit e tjer\u00eb udh\u00ebheq\u00ebs t\u00eb misionit n\u00eb Vietnam .<br \/>\nMegjithat\u00eb, n\u00eb fund t\u00eb atij muaji, ai dhe motra e udh\u00ebheq\u00ebsit, Kim Yo-jong, nuk u paraqit\u00ebn n\u00eb delegacionin q\u00eb mori pjes\u00eb n\u00eb samitin midis Kim dhe presidentit rus Vladimir Putin n\u00eb Vladivostok.<\/p>\n","protected":false},"excerpt":{"rendered":"<p>Pas d\u00ebshtimit t\u00eb takimit t\u00eb dyt\u00eb me SHBA n\u00eb Hanoi, presidenti i Kores\u00eb s\u00eb Veriut Kim Jong-un &#8220;spastroi zyrtar\u00ebt&#8221; e konsideruar &#8220;p\u00ebrgjegj\u00ebs&#8221;. Kryenegociatori Kim Hyok-chol u ekzekutua n\u00eb mars, nd\u00ebrsa Kim Yong-chol, ish-krahu i Kim, p\u00ebrfundoi n\u00eb nj\u00eb kamp ri-edukimi. Udh\u00ebheq\u00ebsi suprem nuk kurseu as motr\u00ebn m\u00eb t\u00eb re (t\u00eb kudondodhur) Kim Yo-jong, s\u00eb cil\u00eb [&hellip;]<\/p>\n","protected":false},"author":2013,"featured_media":87229,"comment_status":"open","ping_status":"closed","sticky":false,"template":"","format":"standard","meta":{"footnotes":""},"categories":[241,191],"tags":[],"class_list":{"0":"post-87228","1":"post","2":"type-post","3":"status-publish","4":"format-standard","5":"has-post-thumbnail","7":"category-aktualitet","8":"category-bota"},"_links":{"self":[{"href":"https:\/\/zjarr.tv\/sq\/wp-json\/wp\/v2\/posts\/87228","targetHints":{"allow":["GET"]}}],"collection":[{"href":"https:\/\/zjarr.tv\/sq\/wp-json\/wp\/v2\/posts"}],"about":[{"href":"https:\/\/zjarr.tv\/sq\/wp-json\/wp\/v2\/types\/post"}],"author":[{"embeddable":true,"href":"https:\/\/zjarr.tv\/sq\/wp-json\/wp\/v2\/users\/2013"}],"replies":[{"embeddable":true,"href":"https:\/\/zjarr.tv\/sq\/wp-json\/wp\/v2\/comments?post=87228"}],"version-history":[{"count":0,"href":"https:\/\/zjarr.tv\/sq\/wp-json\/wp\/v2\/posts\/87228\/revisions"}],"wp:featuredmedia":[{"embeddable":true,"href":"https:\/\/zjarr.tv\/sq\/wp-json\/wp\/v2\/media\/87229"}],"wp:attachment":[{"href":"https:\/\/zjarr.tv\/sq\/wp-json\/wp\/v2\/media?parent=87228"}],"wp:term":[{"taxonomy":"category","embeddable":true,"href":"https:\/\/zjarr.tv\/sq\/wp-json\/wp\/v2\/categories?post=87228"},{"taxonomy":"post_tag","embeddable":true,"href":"https:\/\/zjarr.tv\/sq\/wp-json\/wp\/v2\/tags?post=87228"}],"curies":[{"name":"wp","href":"https:\/\/api.w.org\/{rel}","templated":true}]}}