{"id":87231,"date":"2019-06-01T21:30:06","date_gmt":"2019-06-01T19:30:06","guid":{"rendered":"https:\/\/zjarr.tv\/?p=87231"},"modified":"2019-06-01T17:45:39","modified_gmt":"2019-06-01T15:45:39","slug":"te-burgosurit-braziliane-bejne-mode-pas-hekurave","status":"publish","type":"post","link":"https:\/\/zjarr.tv\/sq\/te-burgosurit-braziliane-bejne-mode-pas-hekurave\/","title":{"rendered":"T\u00eb burgosurit brazilian\u00eb b\u00ebjn\u00eb mod\u00eb pas hekurave"},"content":{"rendered":"<p>Burgu u ka ofruar t\u00eb burgosurve nj\u00eb oborr ku ata t\u00eb tregojn\u00eb veshjet e tyre t\u00eb punuara me grep dhe t\u00eb zbukuruara me ngjyra.<\/p>\n<p>Dizenjator\u00ebt dhe krijuesit kane b\u00ebr\u00eb nj\u00eb parad\u00eb rreth e p\u00ebrqark mureve t\u00eb burgut ku kan\u00eb pozuar p\u00ebr nj\u00ebri tjetrin veshjet e tyre.<\/p>\n<p>Kjo shfaqje \u00ebsht\u00eb pjes\u00eb e nj\u00eb projekti rehabilitimi p\u00ebr t\u00eb burgosurit, dhe te burgosurat p\u00ebr ti m\u00ebsuar ata t\u00eb b\u00ebjn\u00eb punime me grep.<\/p>\n<p>Ky program \u00ebsht\u00eb krijuar para 3 vitesh nga Gustavo Silvestre.<\/p>\n<p>Shum\u00eb prej te burgosurve jan\u00eb t\u00eb d\u00ebnuar p\u00ebr vjedhje apo trafikim t\u00eb l\u00ebnd\u00ebve narkotike.<\/p>\n<p>Nje prej tyre, ishte Felipe Santos da Silvali, tha per agjencine e lajmeve Agence France Press \u00a0&#8220;punimi me grep m\u00eb ndihmoi p\u00ebr l\u00ebnien e duhanit dhe p\u00ebrdorimin e drog\u00ebs&#8221;.<\/p>\n<p>41- vjecari Fidelison Borges, nj\u00eb tjet\u00ebr i burgosur u shpreh se kjo ngjarje e kishte ndihmuar at\u00eb t\u00eb kishte vet\u00ebbesim.<\/p>\n<p>&#8220;Duke par\u00eb krijimin tim ndihesha krenar dhe akoma me shum\u00eb krenar p\u00ebr t\u00eb ditur n\u00ebse njer\u00ebzit do t&#8217;i p\u00eblqenin krijimet \u00a0e mia&#8217; shtoi i burgosuri.<\/p>\n<p>&nbsp;<\/p>\n","protected":false},"excerpt":{"rendered":"<p>Burgu u ka ofruar t\u00eb burgosurve nj\u00eb oborr ku ata t\u00eb tregojn\u00eb veshjet e tyre t\u00eb punuara me grep dhe t\u00eb zbukuruara me ngjyra. Dizenjator\u00ebt dhe krijuesit kane b\u00ebr\u00eb nj\u00eb parad\u00eb rreth e p\u00ebrqark mureve t\u00eb burgut ku kan\u00eb pozuar p\u00ebr nj\u00ebri tjetrin veshjet e tyre. Kjo shfaqje \u00ebsht\u00eb pjes\u00eb e nj\u00eb projekti rehabilitimi p\u00ebr [&hellip;]<\/p>\n","protected":false},"author":2013,"featured_media":87232,"comment_status":"open","ping_status":"closed","sticky":false,"template":"","format":"standard","meta":{"footnotes":""},"categories":[241,191],"tags":[],"class_list":{"0":"post-87231","1":"post","2":"type-post","3":"status-publish","4":"format-standard","5":"has-post-thumbnail","7":"category-aktualitet","8":"category-bota"},"_links":{"self":[{"href":"https:\/\/zjarr.tv\/sq\/wp-json\/wp\/v2\/posts\/87231","targetHints":{"allow":["GET"]}}],"collection":[{"href":"https:\/\/zjarr.tv\/sq\/wp-json\/wp\/v2\/posts"}],"about":[{"href":"https:\/\/zjarr.tv\/sq\/wp-json\/wp\/v2\/types\/post"}],"author":[{"embeddable":true,"href":"https:\/\/zjarr.tv\/sq\/wp-json\/wp\/v2\/users\/2013"}],"replies":[{"embeddable":true,"href":"https:\/\/zjarr.tv\/sq\/wp-json\/wp\/v2\/comments?post=87231"}],"version-history":[{"count":0,"href":"https:\/\/zjarr.tv\/sq\/wp-json\/wp\/v2\/posts\/87231\/revisions"}],"wp:featuredmedia":[{"embeddable":true,"href":"https:\/\/zjarr.tv\/sq\/wp-json\/wp\/v2\/media\/87232"}],"wp:attachment":[{"href":"https:\/\/zjarr.tv\/sq\/wp-json\/wp\/v2\/media?parent=87231"}],"wp:term":[{"taxonomy":"category","embeddable":true,"href":"https:\/\/zjarr.tv\/sq\/wp-json\/wp\/v2\/categories?post=87231"},{"taxonomy":"post_tag","embeddable":true,"href":"https:\/\/zjarr.tv\/sq\/wp-json\/wp\/v2\/tags?post=87231"}],"curies":[{"name":"wp","href":"https:\/\/api.w.org\/{rel}","templated":true}]}}