{"id":87252,"date":"2019-06-01T17:58:37","date_gmt":"2019-06-01T15:58:37","guid":{"rendered":"https:\/\/zjarr.tv\/?p=87252"},"modified":"2019-06-01T17:58:37","modified_gmt":"2019-06-01T15:58:37","slug":"kulla-e-re-sahati-i-tiranes-rrezikon-te-shembet","status":"publish","type":"post","link":"https:\/\/zjarr.tv\/sq\/kulla-e-re-sahati-i-tiranes-rrezikon-te-shembet\/","title":{"rendered":"Kulla e re\/ Sahati i Tiran\u00ebs rrezikon t\u00eb shembet"},"content":{"rendered":"<p>Nd\u00ebrtimet e reja q\u00eb po ngrihen n\u00eb qendr\u00ebn e Tiran\u00ebs, ngjitur me sheshin Sk\u00ebnderbej, q\u00eb u rikonstruktua enkas p\u00ebr grada\u00e7ielat e reja q\u00eb do lart\u00ebsohen p\u00ebrreth tij, rrezikojn\u00eb t\u00eb rr\u00ebzojn\u00eb edhe simbolin e Tiran\u00ebs, Kull\u00ebn e Sahatit. Fjala nuk \u00ebsht\u00eb p\u00ebr zhdukjen e saj nga peisazhi, gj\u00eb q\u00eb tashm\u00eb ka ndodhur me kullat q\u00eb kan\u00eb z\u00ebn\u00eb t\u00ebr\u00ebsisht sfondin e malit t\u00eb Dajtit dhe minaren dhe Sahatin, por edhe p\u00ebr ndonj\u00eb d\u00ebmtim t\u00eb mundsh\u00ebm fizik t\u00eb k\u00ebtij monumenti emblematik t\u00eb kryeqytetit. Fotot q\u00eb Lapsi.al ka siguruar sot tregojn\u00eb se rrethimi i kantierit t\u00eb nd\u00ebrtimit t\u00eb Book building, \u00ebsht\u00eb afruar ngjitur me kull\u00ebn e sahatit.<\/p>\n<p>Kompania e cila ka fituar t\u00eb drejt\u00ebn e nd\u00ebrtimit t\u00eb dy kullave (n\u00eb foton e madhe sip\u00ebr) TD&amp;Partners, n\u00eb pron\u00ebsi t\u00eb Glendi Abdi dhe Dajlan Avdia, u vu n\u00eb tehun e kritikave t\u00eb opozit\u00ebs q\u00eb sapo u zbulua plani i saj. PD e denoncoi at\u00eb si nj\u00eb skem\u00eb t\u00eb pastrimit t\u00eb parave nga aksioner\u00ebt e kompanis\u00eb s\u00eb loj\u00ebrave t\u00eb fatit APEX, p\u00ebrmes k\u00ebtyre nd\u00ebrtimeve.<\/p>\n<p>\u201cAksionaret e APEX, parate e bixhozit i shperndane ne disa shoqeri qe blene apo themeluan (Invest Society, Techno-Alb, TD&amp;Partners, Golden Land, Linea Style), duke filluar nga 2016 e vazhdim. Kontraktuan klientet e Rames, Anri Salen (51N4E) dhe Stefano Boeri-n (Archea Studio) per projektimin kullave ne bllok (2) dhe prane kulles se Sahatit. Kercenuan pronaret e truallit per te lidhur kontrate sipermarrje me ta, duke perdorur instrumentat e Bashkise Tirane. U pajisen me leje zhvillimore nga KKT, me firmen e Rames\u201d, ka th\u00ebn\u00eb n\u00eb janar t\u00eb k\u00ebtij viti Jorida Tabaku e cila ka botuar edhe dokumentet e k\u00ebtij biznesi.<\/p>\n<p>&nbsp;<\/p>\n","protected":false},"excerpt":{"rendered":"<p>Nd\u00ebrtimet e reja q\u00eb po ngrihen n\u00eb qendr\u00ebn e Tiran\u00ebs, ngjitur me sheshin Sk\u00ebnderbej, q\u00eb u rikonstruktua enkas p\u00ebr grada\u00e7ielat e reja q\u00eb do lart\u00ebsohen p\u00ebrreth tij, rrezikojn\u00eb t\u00eb rr\u00ebzojn\u00eb edhe simbolin e Tiran\u00ebs, Kull\u00ebn e Sahatit. Fjala nuk \u00ebsht\u00eb p\u00ebr zhdukjen e saj nga peisazhi, gj\u00eb q\u00eb tashm\u00eb ka ndodhur me kullat q\u00eb kan\u00eb [&hellip;]<\/p>\n","protected":false},"author":2013,"featured_media":87253,"comment_status":"open","ping_status":"closed","sticky":false,"template":"","format":"standard","meta":{"footnotes":""},"categories":[241,235],"tags":[],"class_list":{"0":"post-87252","1":"post","2":"type-post","3":"status-publish","4":"format-standard","5":"has-post-thumbnail","7":"category-aktualitet","8":"category-vendi"},"_links":{"self":[{"href":"https:\/\/zjarr.tv\/sq\/wp-json\/wp\/v2\/posts\/87252","targetHints":{"allow":["GET"]}}],"collection":[{"href":"https:\/\/zjarr.tv\/sq\/wp-json\/wp\/v2\/posts"}],"about":[{"href":"https:\/\/zjarr.tv\/sq\/wp-json\/wp\/v2\/types\/post"}],"author":[{"embeddable":true,"href":"https:\/\/zjarr.tv\/sq\/wp-json\/wp\/v2\/users\/2013"}],"replies":[{"embeddable":true,"href":"https:\/\/zjarr.tv\/sq\/wp-json\/wp\/v2\/comments?post=87252"}],"version-history":[{"count":0,"href":"https:\/\/zjarr.tv\/sq\/wp-json\/wp\/v2\/posts\/87252\/revisions"}],"wp:featuredmedia":[{"embeddable":true,"href":"https:\/\/zjarr.tv\/sq\/wp-json\/wp\/v2\/media\/87253"}],"wp:attachment":[{"href":"https:\/\/zjarr.tv\/sq\/wp-json\/wp\/v2\/media?parent=87252"}],"wp:term":[{"taxonomy":"category","embeddable":true,"href":"https:\/\/zjarr.tv\/sq\/wp-json\/wp\/v2\/categories?post=87252"},{"taxonomy":"post_tag","embeddable":true,"href":"https:\/\/zjarr.tv\/sq\/wp-json\/wp\/v2\/tags?post=87252"}],"curies":[{"name":"wp","href":"https:\/\/api.w.org\/{rel}","templated":true}]}}