{"id":87259,"date":"2019-06-01T18:05:43","date_gmt":"2019-06-01T16:05:43","guid":{"rendered":"https:\/\/zjarr.tv\/?p=87259"},"modified":"2019-06-01T18:05:43","modified_gmt":"2019-06-01T16:05:43","slug":"lekundet-serish-korca","status":"publish","type":"post","link":"https:\/\/zjarr.tv\/sq\/lekundet-serish-korca\/","title":{"rendered":"L\u00ebkundet s\u00ebrish Kor\u00e7a"},"content":{"rendered":"<p>Kor\u00e7a \u00ebsht\u00eb tronditur s\u00ebrish nga l\u00ebkundje sizmike, pas 6 t\u00ebrmeteve q\u00eb kan\u00eb r\u00ebn\u00eb sot n\u00eb m\u00ebngjes n\u00eb rrethin jug-lindor t\u00eb vendit.<\/p>\n<p>Nuk dihet sesa i fuqish\u00ebm \u00ebsht\u00eb t\u00ebrmeti, \u00a0nd\u00ebrsa l\u00ebkundjet kan\u00eb rritur frik\u00ebn n\u00eb mesin e qytetar\u00ebve. B\u00ebhet me dije se gjat\u00eb dit\u00ebs s\u00eb sotme n\u00eb Kor\u00e7\u00eb ka pasur vazhdimisht l\u00ebkundje sizmike.<\/p>\n<p>Qyteti i Kor\u00e7\u00ebs u godit dit\u00ebn e sotme nga 6 t\u00ebrmete, duke l\u00ebn\u00eb dhjet\u00ebra banesa t\u00eb shkat\u00ebrruara.<\/p>\n<p>Nd\u00ebrkaq, 4 persona jan\u00eb plagosur, t\u00eb cil\u00ebt p\u00ebr fat t\u00eb mir\u00eb jan\u00eb jasht\u00eb rrezikut p\u00ebr jet\u00ebn.<\/p>\n<p>T\u00ebrmeti m\u00eb i fuqish\u00ebm goditi fshatin Flloq, me nj\u00eb forc\u00eb godit\u00ebse 5.3 ball\u00eb t\u00eb shkall\u00ebs rihter.<\/p>\n<p>&nbsp;<\/p>\n","protected":false},"excerpt":{"rendered":"<p>Kor\u00e7a \u00ebsht\u00eb tronditur s\u00ebrish nga l\u00ebkundje sizmike, pas 6 t\u00ebrmeteve q\u00eb kan\u00eb r\u00ebn\u00eb sot n\u00eb m\u00ebngjes n\u00eb rrethin jug-lindor t\u00eb vendit. Nuk dihet sesa i fuqish\u00ebm \u00ebsht\u00eb t\u00ebrmeti, \u00a0nd\u00ebrsa l\u00ebkundjet kan\u00eb rritur frik\u00ebn n\u00eb mesin e qytetar\u00ebve. B\u00ebhet me dije se gjat\u00eb dit\u00ebs s\u00eb sotme n\u00eb Kor\u00e7\u00eb ka pasur vazhdimisht l\u00ebkundje sizmike. Qyteti i Kor\u00e7\u00ebs [&hellip;]<\/p>\n","protected":false},"author":2013,"featured_media":87260,"comment_status":"open","ping_status":"closed","sticky":false,"template":"","format":"standard","meta":{"footnotes":""},"categories":[241,235],"tags":[],"class_list":{"0":"post-87259","1":"post","2":"type-post","3":"status-publish","4":"format-standard","5":"has-post-thumbnail","7":"category-aktualitet","8":"category-vendi"},"_links":{"self":[{"href":"https:\/\/zjarr.tv\/sq\/wp-json\/wp\/v2\/posts\/87259","targetHints":{"allow":["GET"]}}],"collection":[{"href":"https:\/\/zjarr.tv\/sq\/wp-json\/wp\/v2\/posts"}],"about":[{"href":"https:\/\/zjarr.tv\/sq\/wp-json\/wp\/v2\/types\/post"}],"author":[{"embeddable":true,"href":"https:\/\/zjarr.tv\/sq\/wp-json\/wp\/v2\/users\/2013"}],"replies":[{"embeddable":true,"href":"https:\/\/zjarr.tv\/sq\/wp-json\/wp\/v2\/comments?post=87259"}],"version-history":[{"count":0,"href":"https:\/\/zjarr.tv\/sq\/wp-json\/wp\/v2\/posts\/87259\/revisions"}],"wp:featuredmedia":[{"embeddable":true,"href":"https:\/\/zjarr.tv\/sq\/wp-json\/wp\/v2\/media\/87260"}],"wp:attachment":[{"href":"https:\/\/zjarr.tv\/sq\/wp-json\/wp\/v2\/media?parent=87259"}],"wp:term":[{"taxonomy":"category","embeddable":true,"href":"https:\/\/zjarr.tv\/sq\/wp-json\/wp\/v2\/categories?post=87259"},{"taxonomy":"post_tag","embeddable":true,"href":"https:\/\/zjarr.tv\/sq\/wp-json\/wp\/v2\/tags?post=87259"}],"curies":[{"name":"wp","href":"https:\/\/api.w.org\/{rel}","templated":true}]}}