{"id":87267,"date":"2019-06-02T13:50:02","date_gmt":"2019-06-02T11:50:02","guid":{"rendered":"https:\/\/zjarr.tv\/?p=87267"},"modified":"2019-06-02T13:50:02","modified_gmt":"2019-06-02T11:50:02","slug":"termetet-ne-korce-lajm-ne-mediat-e-huaja","status":"publish","type":"post","link":"https:\/\/zjarr.tv\/sq\/termetet-ne-korce-lajm-ne-mediat-e-huaja\/","title":{"rendered":"T\u00ebrmetet n\u00eb Kor\u00e7\u00eb, lajm n\u00eb mediat e huaja"},"content":{"rendered":"<p>T\u00ebrmetet n\u00eb Kor\u00e7\u00eb kan\u00eb z\u00ebn\u00eb hap\u00ebsir\u00eb edhe n\u00eb mediat e huaja.<\/p>\n<p>\u201cReuters\u201d, \u201cAsociatedd Press\u201d, \u201cUashington Post\u201d &#8220;Euron\u00ebs&#8221; etj kan\u00eb raportuar p\u00ebr l\u00ebkundjet sizmike q\u00eb jan\u00eb sh\u00ebnuar n\u00eb qarkun e Kor\u00e7\u00ebs, n\u00eb Shqip\u00ebri.<\/p>\n<p><em>\u201cGjasht\u00eb t\u00ebrmete n\u00eb hap\u00ebsir\u00ebn prej dy or\u00ebsh, e para me nj\u00eb madh\u00ebsi prej 5.3, trondit\u00ebn t\u00eb shtun\u00ebn Shqip\u00ebrin\u00eb juglindore duke plagosur kat\u00ebr vet\u00eb dhe duke shkaktuar d\u00ebme n\u00eb 100 sht\u00ebpi, than\u00eb autoritetet dhe d\u00ebshmitar\u00ebt okular\u00eb. Kat\u00ebr vet\u00eb u l\u00ebnduan nga r\u00ebnia e mureve, kulmeve dhe lla\u00e7it t\u00eb sht\u00ebpive t\u00eb tyre dhe u d\u00ebrguan n\u00eb spital n\u00eb qytetin kryesor t\u00eb Kor\u00e7\u00ebs n\u00eb pjes\u00ebn lindore t\u00eb Shqip\u00ebris\u00eb\u201d<\/em>, shkruan \u201cReuters\u201d.<\/p>\n<p><em>&#8220;Gjasht\u00eb t\u00ebrmete trondit\u00ebn Shqip\u00ebrin\u00eb juglindore brenda dy or\u00ebve t\u00eb shtun\u00ebn, duke plagosur pes\u00eb vet\u00eb dhe duke d\u00ebmtuar pes\u00eb sht\u00ebpi, tha Ministria e Mbrojtjes dhe mediat lokale&#8221;,<\/em>\u00a0shkruan Euronews n\u00eb gjuh\u00ebn arabe.<\/p>\n<p>Me tituj t\u00eb ngjash\u00ebm hapin artikujt p\u00ebr t\u00ebrmetet n\u00eb Kor\u00e7\u00eb edhe mediat e tjera t\u00eb huaja.<\/p>\n<p>&nbsp;<\/p>\n","protected":false},"excerpt":{"rendered":"<p>T\u00ebrmetet n\u00eb Kor\u00e7\u00eb kan\u00eb z\u00ebn\u00eb hap\u00ebsir\u00eb edhe n\u00eb mediat e huaja. \u201cReuters\u201d, \u201cAsociatedd Press\u201d, \u201cUashington Post\u201d &#8220;Euron\u00ebs&#8221; etj kan\u00eb raportuar p\u00ebr l\u00ebkundjet sizmike q\u00eb jan\u00eb sh\u00ebnuar n\u00eb qarkun e Kor\u00e7\u00ebs, n\u00eb Shqip\u00ebri. \u201cGjasht\u00eb t\u00ebrmete n\u00eb hap\u00ebsir\u00ebn prej dy or\u00ebsh, e para me nj\u00eb madh\u00ebsi prej 5.3, trondit\u00ebn t\u00eb shtun\u00ebn Shqip\u00ebrin\u00eb juglindore duke plagosur kat\u00ebr vet\u00eb [&hellip;]<\/p>\n","protected":false},"author":2013,"featured_media":87165,"comment_status":"open","ping_status":"closed","sticky":false,"template":"","format":"standard","meta":{"footnotes":""},"categories":[241,235],"tags":[],"class_list":{"0":"post-87267","1":"post","2":"type-post","3":"status-publish","4":"format-standard","5":"has-post-thumbnail","7":"category-aktualitet","8":"category-vendi"},"_links":{"self":[{"href":"https:\/\/zjarr.tv\/sq\/wp-json\/wp\/v2\/posts\/87267","targetHints":{"allow":["GET"]}}],"collection":[{"href":"https:\/\/zjarr.tv\/sq\/wp-json\/wp\/v2\/posts"}],"about":[{"href":"https:\/\/zjarr.tv\/sq\/wp-json\/wp\/v2\/types\/post"}],"author":[{"embeddable":true,"href":"https:\/\/zjarr.tv\/sq\/wp-json\/wp\/v2\/users\/2013"}],"replies":[{"embeddable":true,"href":"https:\/\/zjarr.tv\/sq\/wp-json\/wp\/v2\/comments?post=87267"}],"version-history":[{"count":0,"href":"https:\/\/zjarr.tv\/sq\/wp-json\/wp\/v2\/posts\/87267\/revisions"}],"wp:featuredmedia":[{"embeddable":true,"href":"https:\/\/zjarr.tv\/sq\/wp-json\/wp\/v2\/media\/87165"}],"wp:attachment":[{"href":"https:\/\/zjarr.tv\/sq\/wp-json\/wp\/v2\/media?parent=87267"}],"wp:term":[{"taxonomy":"category","embeddable":true,"href":"https:\/\/zjarr.tv\/sq\/wp-json\/wp\/v2\/categories?post=87267"},{"taxonomy":"post_tag","embeddable":true,"href":"https:\/\/zjarr.tv\/sq\/wp-json\/wp\/v2\/tags?post=87267"}],"curies":[{"name":"wp","href":"https:\/\/api.w.org\/{rel}","templated":true}]}}