{"id":87269,"date":"2019-06-02T13:51:08","date_gmt":"2019-06-02T11:51:08","guid":{"rendered":"https:\/\/zjarr.tv\/?p=87269"},"modified":"2019-06-02T13:51:08","modified_gmt":"2019-06-02T11:51:08","slug":"dyshohet-se-ka-vjedhur-banesen-ne-peqin-shpallet-ne-kerkim-24-vjecari","status":"publish","type":"post","link":"https:\/\/zjarr.tv\/sq\/dyshohet-se-ka-vjedhur-banesen-ne-peqin-shpallet-ne-kerkim-24-vjecari\/","title":{"rendered":"Dyshohet se ka vjedhur banes\u00ebn n\u00eb Peqin, shpallet n\u00eb k\u00ebrkim 24-vje\u00e7ari"},"content":{"rendered":"<p>Policia Peqinit ka identifikuar dhe shpallur n\u00eb k\u00ebrkim autorin e dyshuar t\u00eb vjedhjes s\u00eb nj\u00eb banese.<\/p>\n<p>Referuar t\u00eb dh\u00ebnave t\u00eb b\u00ebra t\u00eb ditura nga policia i shpalluri n\u00eb k\u00ebrkim \u00ebsht\u00eb shtetasi me inicialet D.T., 24 vje\u00e7.<\/p>\n<p><em>\u201cN\u00eb fshatin \u00c7elhakaj, t\u00eb Peqinit dyshohet se ka vjedhur banes\u00ebn e shtetasit I.B., ku ka marr\u00eb nj\u00eb sasi t\u00eb konsiderueshme parash\u201d,-<\/em>\u00a0njofron policia.<\/p>\n<p>Materiale hetimore i kaluan Prokuroris\u00eb pran\u00eb Gjykat\u00ebs s\u00eb Shkall\u00ebs Par\u00eb Elbasan p\u00ebr vepr\u00ebn penale &#8220;Vjedhja&#8221;.<\/p>\n<p>&nbsp;<\/p>\n","protected":false},"excerpt":{"rendered":"<p>Policia Peqinit ka identifikuar dhe shpallur n\u00eb k\u00ebrkim autorin e dyshuar t\u00eb vjedhjes s\u00eb nj\u00eb banese. Referuar t\u00eb dh\u00ebnave t\u00eb b\u00ebra t\u00eb ditura nga policia i shpalluri n\u00eb k\u00ebrkim \u00ebsht\u00eb shtetasi me inicialet D.T., 24 vje\u00e7. \u201cN\u00eb fshatin \u00c7elhakaj, t\u00eb Peqinit dyshohet se ka vjedhur banes\u00ebn e shtetasit I.B., ku ka marr\u00eb nj\u00eb sasi t\u00eb [&hellip;]<\/p>\n","protected":false},"author":2013,"featured_media":66876,"comment_status":"open","ping_status":"closed","sticky":false,"template":"","format":"standard","meta":{"footnotes":""},"categories":[241,235],"tags":[],"class_list":{"0":"post-87269","1":"post","2":"type-post","3":"status-publish","4":"format-standard","5":"has-post-thumbnail","7":"category-aktualitet","8":"category-vendi"},"_links":{"self":[{"href":"https:\/\/zjarr.tv\/sq\/wp-json\/wp\/v2\/posts\/87269","targetHints":{"allow":["GET"]}}],"collection":[{"href":"https:\/\/zjarr.tv\/sq\/wp-json\/wp\/v2\/posts"}],"about":[{"href":"https:\/\/zjarr.tv\/sq\/wp-json\/wp\/v2\/types\/post"}],"author":[{"embeddable":true,"href":"https:\/\/zjarr.tv\/sq\/wp-json\/wp\/v2\/users\/2013"}],"replies":[{"embeddable":true,"href":"https:\/\/zjarr.tv\/sq\/wp-json\/wp\/v2\/comments?post=87269"}],"version-history":[{"count":0,"href":"https:\/\/zjarr.tv\/sq\/wp-json\/wp\/v2\/posts\/87269\/revisions"}],"wp:featuredmedia":[{"embeddable":true,"href":"https:\/\/zjarr.tv\/sq\/wp-json\/wp\/v2\/media\/66876"}],"wp:attachment":[{"href":"https:\/\/zjarr.tv\/sq\/wp-json\/wp\/v2\/media?parent=87269"}],"wp:term":[{"taxonomy":"category","embeddable":true,"href":"https:\/\/zjarr.tv\/sq\/wp-json\/wp\/v2\/categories?post=87269"},{"taxonomy":"post_tag","embeddable":true,"href":"https:\/\/zjarr.tv\/sq\/wp-json\/wp\/v2\/tags?post=87269"}],"curies":[{"name":"wp","href":"https:\/\/api.w.org\/{rel}","templated":true}]}}