{"id":87271,"date":"2019-06-02T13:52:06","date_gmt":"2019-06-02T11:52:06","guid":{"rendered":"https:\/\/zjarr.tv\/?p=87271"},"modified":"2019-06-02T13:52:06","modified_gmt":"2019-06-02T11:52:06","slug":"kamioni-del-nga-rruga-plagoset-drejtuesi","status":"publish","type":"post","link":"https:\/\/zjarr.tv\/sq\/kamioni-del-nga-rruga-plagoset-drejtuesi\/","title":{"rendered":"Kamioni del nga rruga, plagoset drejtuesi"},"content":{"rendered":"<p>Policia e Fierit raporton se m\u00ebngjesine \u00a0dit\u00ebs s\u00eb sotme, 2 maj 2019 n\u00eb aksin rrugor Levan-Fier, automjeti tip Kamion me drejtues shtetasin A.Rr ka dal\u00eb nga rruga n\u00eb vendin e quajtur &#8220;Kthesa e Levanit&#8221;.<\/p>\n<p>Policia b\u00ebn me dije se si pasoj\u00eb e p\u00ebrplasjes \u00ebsht\u00eb d\u00ebmtuar, drejtuesi i automjetit, shtetasi A.Rr, 50 vje\u00e7 banues n\u00eb Mallakast\u00ebr.<\/p>\n<p>I plagosuri \u00ebsht\u00eb d\u00ebrguar n\u00eb Spitalin Rajonal Fier dhe ndodhet n\u00ebn kujdesin e mjek\u00ebve.<\/p>\n<p>N\u00eb vendngjarje shkoi grupi hetimor dhe po punon p\u00ebr dokumentimin dhe sqarimin e rrethanave t\u00eb k\u00ebsaj ngjarje.<\/p>\n<p>&nbsp;<\/p>\n","protected":false},"excerpt":{"rendered":"<p>Policia e Fierit raporton se m\u00ebngjesine \u00a0dit\u00ebs s\u00eb sotme, 2 maj 2019 n\u00eb aksin rrugor Levan-Fier, automjeti tip Kamion me drejtues shtetasin A.Rr ka dal\u00eb nga rruga n\u00eb vendin e quajtur &#8220;Kthesa e Levanit&#8221;. Policia b\u00ebn me dije se si pasoj\u00eb e p\u00ebrplasjes \u00ebsht\u00eb d\u00ebmtuar, drejtuesi i automjetit, shtetasi A.Rr, 50 vje\u00e7 banues n\u00eb Mallakast\u00ebr. [&hellip;]<\/p>\n","protected":false},"author":2013,"featured_media":87272,"comment_status":"open","ping_status":"closed","sticky":false,"template":"","format":"standard","meta":{"footnotes":""},"categories":[241,235],"tags":[],"class_list":{"0":"post-87271","1":"post","2":"type-post","3":"status-publish","4":"format-standard","5":"has-post-thumbnail","7":"category-aktualitet","8":"category-vendi"},"_links":{"self":[{"href":"https:\/\/zjarr.tv\/sq\/wp-json\/wp\/v2\/posts\/87271","targetHints":{"allow":["GET"]}}],"collection":[{"href":"https:\/\/zjarr.tv\/sq\/wp-json\/wp\/v2\/posts"}],"about":[{"href":"https:\/\/zjarr.tv\/sq\/wp-json\/wp\/v2\/types\/post"}],"author":[{"embeddable":true,"href":"https:\/\/zjarr.tv\/sq\/wp-json\/wp\/v2\/users\/2013"}],"replies":[{"embeddable":true,"href":"https:\/\/zjarr.tv\/sq\/wp-json\/wp\/v2\/comments?post=87271"}],"version-history":[{"count":0,"href":"https:\/\/zjarr.tv\/sq\/wp-json\/wp\/v2\/posts\/87271\/revisions"}],"wp:featuredmedia":[{"embeddable":true,"href":"https:\/\/zjarr.tv\/sq\/wp-json\/wp\/v2\/media\/87272"}],"wp:attachment":[{"href":"https:\/\/zjarr.tv\/sq\/wp-json\/wp\/v2\/media?parent=87271"}],"wp:term":[{"taxonomy":"category","embeddable":true,"href":"https:\/\/zjarr.tv\/sq\/wp-json\/wp\/v2\/categories?post=87271"},{"taxonomy":"post_tag","embeddable":true,"href":"https:\/\/zjarr.tv\/sq\/wp-json\/wp\/v2\/tags?post=87271"}],"curies":[{"name":"wp","href":"https:\/\/api.w.org\/{rel}","templated":true}]}}