{"id":87276,"date":"2019-06-02T13:59:58","date_gmt":"2019-06-02T11:59:58","guid":{"rendered":"https:\/\/zjarr.tv\/?p=87276"},"modified":"2019-06-02T13:59:58","modified_gmt":"2019-06-02T11:59:58","slug":"pasditen-e-sotme-opzoita-e-bashkuar-pritet-te-zhvilloje-protesten-e-radhes-kombetare","status":"publish","type":"post","link":"https:\/\/zjarr.tv\/sq\/pasditen-e-sotme-opzoita-e-bashkuar-pritet-te-zhvilloje-protesten-e-radhes-kombetare\/","title":{"rendered":"Pasditen e sotme opzoita e bashkuar pritet t\u00eb zhvilloj\u00eb protest\u00ebn e radh\u00ebs komb\u00ebtare."},"content":{"rendered":"<p>Lidhur me k\u00ebt\u00eb fakt ka reaguar kryetarja e LSI-s\u00eb, Monika Kryemadhi.<\/p>\n<p>N\u00ebp\u00ebrmjet nj\u00eb postimi n\u00eb Facebook, Kryemadhi ka ftuar qytetar\u00ebt q\u00eb ti bashkohen protest\u00ebs p\u00ebr t\u00eb shembur t\u00eb keqen.<\/p>\n<p><em>Postimi i plot\u00eb: \u00a0<\/em><\/p>\n<p><em>Sot m\u00eb shum\u00eb se kurr\u00eb, Shqip\u00ebria ka nevoj\u00eb p\u00ebr forc\u00ebn e protest\u00ebs qytetare, ka nevoj\u00eb q\u00eb t\u00eb gjith\u00eb bashk\u00eb t\u00eb d\u00ebshmojm\u00eb se e ardhmja e f\u00ebmij\u00ebve tan\u00eb nuk mund t\u00eb jet\u00eb peng i pap\u00ebrgjegjshm\u00ebris\u00eb s\u00eb Edi Ram\u00ebs!<\/em><\/p>\n<p><em>Sot \u00ebsht\u00eb dita e qytetar\u00ebve.<\/em><\/p>\n<p><em>Prandaj t\u00eb gjith\u00eb bashk\u00eb,<\/em><\/p>\n<p><em>pa asnj\u00eb dallim n\u00eb jemi t\u00eb rinj apo t\u00eb moshuar,<\/em><\/p>\n<p><em>burra apo gra,<\/em><\/p>\n<p><em>nga fshati apo nga qyteti,<\/em><\/p>\n<p><em>nga Jugu a nga Veriu,<\/em><\/p>\n<p><em>me apo pa parti,<\/em><\/p>\n<p><em>t\u00eb majt\u00eb apo t\u00eb djatht\u00eb,<\/em><\/p>\n<p><em>t\u00eb jemi bashk\u00eb n\u00eb protest\u00ebn e shpres\u00ebs, sepse e keqja po shembet dhe se e nes\u00ebrmja b\u00ebhet m\u00eb e mir\u00eb, vet\u00ebm kur qytetar\u00ebt i dalin zot fatit t\u00eb tyre!<\/em><\/p>\n<p><em>Shqip\u00ebria pa varf\u00ebri dhe me pun\u00eb t\u00eb ndershme, pa korrupsion e n\u00eb luft\u00eb me krimin e organizuar, pa drog\u00eb e oligark\u00eb, por me njer\u00ebz q\u00eb e duan familjen dhe atdheun e konsiderojn\u00eb sht\u00ebpin\u00eb e tyre, \u00ebsht\u00eb m\u00eb e r\u00ebnd\u00ebsishme, m\u00eb e madhe dhe m\u00eb e fort\u00eb se Edi Rama dhe klani i tij kriminal!<\/em><\/p>\n<p><em>Sot m\u00eb shum\u00eb, sot m\u00eb t\u00eb vendosur, sot m\u00eb t\u00eb fort\u00eb, sot m\u00eb t\u00eb bashkuar!<\/em><\/p>\n<p>&nbsp;<\/p>\n","protected":false},"excerpt":{"rendered":"<p>Lidhur me k\u00ebt\u00eb fakt ka reaguar kryetarja e LSI-s\u00eb, Monika Kryemadhi. N\u00ebp\u00ebrmjet nj\u00eb postimi n\u00eb Facebook, Kryemadhi ka ftuar qytetar\u00ebt q\u00eb ti bashkohen protest\u00ebs p\u00ebr t\u00eb shembur t\u00eb keqen. Postimi i plot\u00eb: \u00a0 Sot m\u00eb shum\u00eb se kurr\u00eb, Shqip\u00ebria ka nevoj\u00eb p\u00ebr forc\u00ebn e protest\u00ebs qytetare, ka nevoj\u00eb q\u00eb t\u00eb gjith\u00eb bashk\u00eb t\u00eb d\u00ebshmojm\u00eb se [&hellip;]<\/p>\n","protected":false},"author":2013,"featured_media":54221,"comment_status":"open","ping_status":"closed","sticky":false,"template":"","format":"standard","meta":{"footnotes":""},"categories":[241,235],"tags":[],"class_list":{"0":"post-87276","1":"post","2":"type-post","3":"status-publish","4":"format-standard","5":"has-post-thumbnail","7":"category-aktualitet","8":"category-vendi"},"_links":{"self":[{"href":"https:\/\/zjarr.tv\/sq\/wp-json\/wp\/v2\/posts\/87276","targetHints":{"allow":["GET"]}}],"collection":[{"href":"https:\/\/zjarr.tv\/sq\/wp-json\/wp\/v2\/posts"}],"about":[{"href":"https:\/\/zjarr.tv\/sq\/wp-json\/wp\/v2\/types\/post"}],"author":[{"embeddable":true,"href":"https:\/\/zjarr.tv\/sq\/wp-json\/wp\/v2\/users\/2013"}],"replies":[{"embeddable":true,"href":"https:\/\/zjarr.tv\/sq\/wp-json\/wp\/v2\/comments?post=87276"}],"version-history":[{"count":0,"href":"https:\/\/zjarr.tv\/sq\/wp-json\/wp\/v2\/posts\/87276\/revisions"}],"wp:featuredmedia":[{"embeddable":true,"href":"https:\/\/zjarr.tv\/sq\/wp-json\/wp\/v2\/media\/54221"}],"wp:attachment":[{"href":"https:\/\/zjarr.tv\/sq\/wp-json\/wp\/v2\/media?parent=87276"}],"wp:term":[{"taxonomy":"category","embeddable":true,"href":"https:\/\/zjarr.tv\/sq\/wp-json\/wp\/v2\/categories?post=87276"},{"taxonomy":"post_tag","embeddable":true,"href":"https:\/\/zjarr.tv\/sq\/wp-json\/wp\/v2\/tags?post=87276"}],"curies":[{"name":"wp","href":"https:\/\/api.w.org\/{rel}","templated":true}]}}