{"id":87283,"date":"2019-06-02T14:17:03","date_gmt":"2019-06-02T12:17:03","guid":{"rendered":"https:\/\/zjarr.tv\/?p=87283"},"modified":"2019-06-02T14:17:03","modified_gmt":"2019-06-02T12:17:03","slug":"salianji-mesazh-para-protestes-skllaveria-rendon-mbi-kurriz","status":"publish","type":"post","link":"https:\/\/zjarr.tv\/sq\/salianji-mesazh-para-protestes-skllaveria-rendon-mbi-kurriz\/","title":{"rendered":"Salianji mesazh para protest\u00ebs: Skllav\u00ebria r\u00ebndon mbi kurriz"},"content":{"rendered":"<p>Ish-deputeti i Partis\u00eb Demokratike, Ervin Salianji fton qytetar\u00ebt t\u2019i bashkohen protest\u00ebs s\u00eb organizuar sot nga opozita e bashkuar. \u00a0N\u00eb nj\u00eb postim n\u00eb \u201cFacebook\u201d, Salianji shkruan se n\u00eb dit\u00ebn e zgjedhjeve, populli duhet t\u00eb vendos\u00eb se kush meriton t\u00eb zgjidhet\u00a0 dhe jo se kur pushteti do t\u00eb imponoj\u00eb farsa formale. Nd\u00ebr t\u00eb tjera ai shkruan se skllav\u00ebria r\u00ebndon mbi kurriz.<\/p>\n<p>\u201cSkllav\u00earia si \u00e7do p\u00ebsim tjet\u00ebr, pasi r\u00ebndon ca koh\u00eb n\u00eb kurriz, b\u00ebhet n\u00eb fund nj\u00eb zakon i p\u00eblqyer, dhe ata q\u00eb e mbajn\u00eb mbi zverk e durojn\u00eb me g\u00ebzim! Ata jo vet\u00ebm s\u2019marrin vesh \u00e7do me th\u00ebn\u00eb liri por ndjejne urrejtje p\u00ebr mbrojt\u00ebsit e liris\u00eb dhe ushqejn\u00eb respektin m\u00eb t\u00eb thell\u00eb p\u00ebr tiran\u00ebt\u201d thoshte Konica.<\/p>\n<p>Sot larot e krimit nuk len\u00eb kuisje pa p\u00ebrdorur p\u00ebr t\u00eb mbrojtur pushtetin personal dhe milionat e Ram\u00ebs dhe kopes\u00eb s\u00eb tij kriminale, p\u00ebrball\u00eb kan\u00eb nj\u00eb popull q\u00eb p\u00ebr liri ka sakrifikuar gjakun e mij\u00ebra martir\u00ebve, larot e krimit le ta g\u00ebzojn\u00eb mbi zverk n\u00ebnshtrimin, qytetar\u00ebt do t\u00eb luftojn\u00eb p\u00ebr liri, liria p\u00ebr t\u00eb zgjedhur \u00ebsht\u00eb themelore.<\/p>\n<p>Zgjedhjet jan\u00eb dita kur populli vendos se kush meriton t\u00eb zgjidhet mbi baz\u00ebn e ofertave politike dhe jo dita kur pushteti do t\u00eb imponoj\u00eb me farsa formale se cil\u00ebt do t\u00eb vjedhin dhe diktojn\u00eb jet\u00ebn e qytetar\u00ebve p\u00ebr 4 vitet e ardhshme!<\/p>\n<p>Sot, ora 19:00 t\u00eb gjith\u00eb p\u00ebrpara selise t\u00eb s\u00eb keqes, p\u00ebr liri, p\u00ebr dinjitet, p\u00ebr Shqip\u00ebrin\u00eb si Evropa!\u201d-shkruan ai n\u00eb Facebook.<\/p>\n<p>&nbsp;<\/p>\n","protected":false},"excerpt":{"rendered":"<p>Ish-deputeti i Partis\u00eb Demokratike, Ervin Salianji fton qytetar\u00ebt t\u2019i bashkohen protest\u00ebs s\u00eb organizuar sot nga opozita e bashkuar. \u00a0N\u00eb nj\u00eb postim n\u00eb \u201cFacebook\u201d, Salianji shkruan se n\u00eb dit\u00ebn e zgjedhjeve, populli duhet t\u00eb vendos\u00eb se kush meriton t\u00eb zgjidhet\u00a0 dhe jo se kur pushteti do t\u00eb imponoj\u00eb farsa formale. Nd\u00ebr t\u00eb tjera ai shkruan se [&hellip;]<\/p>\n","protected":false},"author":2013,"featured_media":52648,"comment_status":"open","ping_status":"closed","sticky":false,"template":"","format":"standard","meta":{"footnotes":""},"categories":[241,235],"tags":[],"class_list":{"0":"post-87283","1":"post","2":"type-post","3":"status-publish","4":"format-standard","5":"has-post-thumbnail","7":"category-aktualitet","8":"category-vendi"},"_links":{"self":[{"href":"https:\/\/zjarr.tv\/sq\/wp-json\/wp\/v2\/posts\/87283","targetHints":{"allow":["GET"]}}],"collection":[{"href":"https:\/\/zjarr.tv\/sq\/wp-json\/wp\/v2\/posts"}],"about":[{"href":"https:\/\/zjarr.tv\/sq\/wp-json\/wp\/v2\/types\/post"}],"author":[{"embeddable":true,"href":"https:\/\/zjarr.tv\/sq\/wp-json\/wp\/v2\/users\/2013"}],"replies":[{"embeddable":true,"href":"https:\/\/zjarr.tv\/sq\/wp-json\/wp\/v2\/comments?post=87283"}],"version-history":[{"count":0,"href":"https:\/\/zjarr.tv\/sq\/wp-json\/wp\/v2\/posts\/87283\/revisions"}],"wp:featuredmedia":[{"embeddable":true,"href":"https:\/\/zjarr.tv\/sq\/wp-json\/wp\/v2\/media\/52648"}],"wp:attachment":[{"href":"https:\/\/zjarr.tv\/sq\/wp-json\/wp\/v2\/media?parent=87283"}],"wp:term":[{"taxonomy":"category","embeddable":true,"href":"https:\/\/zjarr.tv\/sq\/wp-json\/wp\/v2\/categories?post=87283"},{"taxonomy":"post_tag","embeddable":true,"href":"https:\/\/zjarr.tv\/sq\/wp-json\/wp\/v2\/tags?post=87283"}],"curies":[{"name":"wp","href":"https:\/\/api.w.org\/{rel}","templated":true}]}}