{"id":87304,"date":"2019-06-02T16:37:12","date_gmt":"2019-06-02T14:37:12","guid":{"rendered":"https:\/\/zjarr.tv\/?p=87304"},"modified":"2019-06-02T16:37:12","modified_gmt":"2019-06-02T14:37:12","slug":"stoltenberg-tensioni-politik-nuk-ndikon-ne-investimet-tona","status":"publish","type":"post","link":"https:\/\/zjarr.tv\/sq\/stoltenberg-tensioni-politik-nuk-ndikon-ne-investimet-tona\/","title":{"rendered":"Stoltenberg: Tensioni politik nuk ndikon n\u00eb investimet tona"},"content":{"rendered":"<p>Situata e tensionuar politike nuk do t\u00eb ndikoj\u00eb n\u00eb investimet e NATO-s n\u00eb Shqip\u00ebri dhe n\u00eb baz\u00ebn ajrore n\u00eb Ku\u00e7ov\u00eb. Ky q\u00ebndrim i b\u00eb i ditur nga sekretari i NATO-s, Jens Stoltenberg gjat\u00eb konferenc\u00ebs s\u00eb p\u00ebrbashk\u00ebt me kryeministrin Rama.<\/p>\n<p><strong>Stoltenberg:<\/strong>\u00a0<em>Ne do t\u00eb vazhdojm\u00eb me programin ton\u00eb t\u00eb investimeve n\u00eb baz\u00ebn ajorore sic e kishim planifikuar, Trazirat politike, tensionet politike nuk do t\u00eb ndikojn\u00eb sepse \u00ebsht\u00eb nj\u00eb vendim i marr\u00eb n\u00eb baz\u00eb t\u00eb k\u00ebshill\u00ebs, t\u00eb komand\u00ebs ton\u00eb, kemi nj\u00eb buxhet dhe \u00a0ne investojm\u00eb n\u00eb objekte ushtarake p\u00ebrfshir\u00eb edhe k\u00ebt\u00eb baz\u00eb ajrore n\u00eb Shqip\u00ebri. Do t\u00eb vazhdojm\u00eb me k\u00ebt\u00eb. P\u00ebr mua kjo \u00ebsht\u00eb nj\u00eb shembull sesa e r\u00ebnd\u00ebsishme \u00ebsht\u00eb NATO p\u00ebr Shqip\u00ebrin\u00eb dhe shqip\u00ebria p\u00ebr naton. Nato \u00ebsht\u00eb m\u00ebnyr\u00eb p\u00ebr ti bashkuar 29 vendet aleat\u00eb. P\u00ebrsa koh\u00eb rrim bashk\u00eb me nj\u00ebri tjetrin jemi t\u00eb sigurt. Kjo \u00ebsht\u00eb arsyeja q\u00eb nATO t\u00eb b\u00ebhet m\u00eb e fort\u00eb duhet t\u00eb investihet. K\u00ebto na kan\u00eb mbajtur t\u00eb bashkuar p\u00ebr 70 vite dhe k\u00ebshtu do t\u00eb vazhdojm\u00eb n\u00eb t\u00eb ardhmen.<\/em><\/p>\n<p>Nga ana e tij, kryeministri Rama siguroi se nuk do t\u00eb lejohet q\u00eb n\u00eb Shqip\u00ebri t\u00eb krijohet nj\u00eb situat\u00eb destabilizuese.<\/p>\n<p><strong>Rama:<\/strong>\u00a0<em>Si\u00e7 tha sekretari i p\u00ebrgjithsh\u00ebm, vendimi p\u00ebr t\u00eb investuar n\u00eb baz\u00ebn aj\u00ebrore t\u00eb Ku\u00e7oves dhe program i investimet p\u00ebr ta \u00a0kthyer at\u00eb baz\u00eb n\u00eb nj\u00eb pjes\u00eb integrale t\u00eb infrastruktur\u00ebs s\u00eb NATO-s nuk vihet n\u00eb dyshim dhe as n\u00eb diskutim. P\u00ebr m\u00eb tep\u00ebr shtoj un\u00eb tani, n\u00eb Shqip\u00ebri nuk do t\u00eb ndodhe dhe nuk do lejojm\u00eb t\u00eb ndodh\u00eb asnj\u00eb form\u00eb destabilizimi q\u00eb do t\u00eb c\u00ebnonte imazhin e vendit tone, p\u00ebrtej c\u00ebnimit q\u00eb i sjell k\u00ebtij imazhi organizimi i shfaqjeve t\u00eb dhunshme n\u00eb nj\u00eb perimeter t\u00eb ngusht\u00eb dhe pa mb\u00ebshtetje popullore.<\/em><\/p>\n<p><em>Jam i bindur se \u00e7do qytetar q\u00eb e do k\u00ebt\u00eb vend pavar\u00ebsisht a voton a s\u2019voton p\u00ebr qeverin\u00eb nuk do t\u00eb marr pjes\u00eb n\u00eb nj\u00eb proces ku do t\u00eb v\u00ebrtetohej teza fam\u00ebkeqe e armiqve historik\u00eb t\u00eb Shqip\u00ebris\u00eb se shqiptar\u00ebt nuk din\u00eb t\u00eb b\u00ebjn\u00eb shtet sepse nuk din\u00eb t\u00eb respektojn\u00eb as rregullat q\u00eb i v\u00ebn\u00eb vet\u00eb.<\/em><\/p>\n<p><em>Kjo nuk \u00ebsht\u00eb nj\u00eb shfaqje e nj\u00eb shqet\u00ebsimi t\u00eb madh popullor, por \u00ebsht\u00eb nj\u00eb inskenim politik \u00a0dhe nuk ka shans t\u00eb shtrihet p\u00ebrtej kufijve t\u00eb sken\u00ebs politike. Ne do t\u00eb zhvillojm\u00eb zgjedhjet si nj\u00eb proces i patjet\u00ebrsueshme demokratik. N\u00ebse opozita pengohet q\u00ebllimisht q\u00eb t\u00eb hyj\u00eb n\u00eb zgjedhje, zgjedhjet nuk jan\u00eb demokratike, por n\u00ebse dikush nuk pranon t\u00eb hyj\u00eb n\u00eb zgjedhje kjo nuk i b\u00ebn zgjedhjet jo demokratike.<\/em><\/p>\n<p>&nbsp;<\/p>\n","protected":false},"excerpt":{"rendered":"<p>Situata e tensionuar politike nuk do t\u00eb ndikoj\u00eb n\u00eb investimet e NATO-s n\u00eb Shqip\u00ebri dhe n\u00eb baz\u00ebn ajrore n\u00eb Ku\u00e7ov\u00eb. Ky q\u00ebndrim i b\u00eb i ditur nga sekretari i NATO-s, Jens Stoltenberg gjat\u00eb konferenc\u00ebs s\u00eb p\u00ebrbashk\u00ebt me kryeministrin Rama. Stoltenberg:\u00a0Ne do t\u00eb vazhdojm\u00eb me programin ton\u00eb t\u00eb investimeve n\u00eb baz\u00ebn ajorore sic e kishim planifikuar, [&hellip;]<\/p>\n","protected":false},"author":2013,"featured_media":87305,"comment_status":"open","ping_status":"closed","sticky":false,"template":"","format":"standard","meta":{"footnotes":""},"categories":[241,235],"tags":[],"class_list":{"0":"post-87304","1":"post","2":"type-post","3":"status-publish","4":"format-standard","5":"has-post-thumbnail","7":"category-aktualitet","8":"category-vendi"},"_links":{"self":[{"href":"https:\/\/zjarr.tv\/sq\/wp-json\/wp\/v2\/posts\/87304","targetHints":{"allow":["GET"]}}],"collection":[{"href":"https:\/\/zjarr.tv\/sq\/wp-json\/wp\/v2\/posts"}],"about":[{"href":"https:\/\/zjarr.tv\/sq\/wp-json\/wp\/v2\/types\/post"}],"author":[{"embeddable":true,"href":"https:\/\/zjarr.tv\/sq\/wp-json\/wp\/v2\/users\/2013"}],"replies":[{"embeddable":true,"href":"https:\/\/zjarr.tv\/sq\/wp-json\/wp\/v2\/comments?post=87304"}],"version-history":[{"count":0,"href":"https:\/\/zjarr.tv\/sq\/wp-json\/wp\/v2\/posts\/87304\/revisions"}],"wp:featuredmedia":[{"embeddable":true,"href":"https:\/\/zjarr.tv\/sq\/wp-json\/wp\/v2\/media\/87305"}],"wp:attachment":[{"href":"https:\/\/zjarr.tv\/sq\/wp-json\/wp\/v2\/media?parent=87304"}],"wp:term":[{"taxonomy":"category","embeddable":true,"href":"https:\/\/zjarr.tv\/sq\/wp-json\/wp\/v2\/categories?post=87304"},{"taxonomy":"post_tag","embeddable":true,"href":"https:\/\/zjarr.tv\/sq\/wp-json\/wp\/v2\/tags?post=87304"}],"curies":[{"name":"wp","href":"https:\/\/api.w.org\/{rel}","templated":true}]}}