{"id":87307,"date":"2019-06-02T16:39:57","date_gmt":"2019-06-02T14:39:57","guid":{"rendered":"https:\/\/zjarr.tv\/?p=87307"},"modified":"2019-06-02T16:39:57","modified_gmt":"2019-06-02T14:39:57","slug":"meta-falenderime-ne-emer-te-shqiptareve-italia-mbeshtetese-e-rruges-ne-be","status":"publish","type":"post","link":"https:\/\/zjarr.tv\/sq\/meta-falenderime-ne-emer-te-shqiptareve-italia-mbeshtetese-e-rruges-ne-be\/","title":{"rendered":"Meta falenderime n\u00eb em\u00ebr t\u00eb shqiptar\u00ebve, Italia mb\u00ebshtet\u00ebse e rrug\u00ebs n\u00eb BE"},"content":{"rendered":"<p>Italia feston 73 vjetorin e krijimit t\u00eb Republik\u00ebs!<\/p>\n<p>Festimet zyrtare kan\u00eb nisur me p\u00ebrsh\u00ebndetjen e presidentit italian Sergio Mattarella, I cili vuri theksin te barazia mes t\u00eb gjith\u00eb atyre njer\u00ebzve q\u00eb jetojn\u00eb Aty.<\/p>\n<p><strong>Meta:<\/strong>\u00a0<em>Sot \u00ebsht\u00eb fest\u00eb e t\u00eb gjith\u00eb atyre q\u00eb jan\u00eb n\u00eb territorin ton\u00eb, \u00ebsht\u00eb e dedikuar p\u00ebr emigrant\u00ebt, rom\u00ebt, t\u00eb cil\u00ebt jan\u00eb k\u00ebtu dhe kan\u00eb t\u00eb nj\u00ebjtat t\u00eb drejta. Nuk duhet t\u00eb ket\u00eb polemika.Vet\u00ebm rruga e bashk\u00ebpunimit dhe e dialogut b\u00ebn t\u00eb mundur tejkalimin e konflikteve dhe promovimin e interesit t\u00eb p\u00ebrbashk\u00ebt n\u00eb bashk\u00ebsin\u00eb nd\u00ebrkomb\u00ebtare.<\/em><\/p>\n<p>Me nj\u00eb mesazh t\u00eb posac\u00ebm, presidenti Ilir Meta falenderoi homologun e tij p\u00ebr mb\u00ebshtetjen e dh\u00ebn\u00eb ndaj shqiptar\u00ebve dhe avokatin\u00eb n\u00eb proceset integruese t\u00eb Shqip\u00ebris\u00eb<\/p>\n<p><strong>Meta:\u00a0<\/strong><em>Ne \u00e7mojm\u00eb lart bashk\u00ebpunimin dhe kontributin e dy vendeve tona n\u00eb sigurin\u00eb rajonale e m\u00eb gjer\u00eb, si dy vende an\u00ebtare t\u00eb NATO-s, si dhe mb\u00ebshtetjen e pakursyer e t\u00eb vazhdueshme t\u00eb Italis\u00eb mike, si avokate e fuqishme ndaj procesit eurointegrues t\u00eb Shqip\u00ebris\u00eb.\u00a0<\/em><\/p>\n<p><em>Me shum\u00eb k\u00ebnaq\u00ebsi, i nderuar mik, d\u00ebshiroj t\u00eb vler\u00ebsoj kontributin Tuaj t\u00eb madh jo vet\u00ebm n\u00eb dinamizmin e lidhjeve mes dy vendeve tona mike, por edhe n\u00eb v\u00ebmendjen e p\u00ebrkushtimin Tuaj ndaj zhvillimeve n\u00eb rajonin e Ballkanit Per\u00ebndimor, duke mb\u00ebshtetur nevoj\u00ebn e konsolidimit t\u00eb arritjeve t\u00eb deritanishme, ve\u00e7an\u00ebrisht parimin e bashk\u00ebjetes\u00ebs n\u00eb frym\u00ebn e vlerave evropiane.<\/em><\/p>\n<p>M\u00eb 2 qershori i vitit 1946 qytetr\u00ebt italian votuan referendumin e krijimit t\u00eb republik\u00ebs italiane, duke refuzuar nj\u00eb her\u00eb e mir\u00eb monarkin\u00eb.<\/p>\n<p>&nbsp;<\/p>\n","protected":false},"excerpt":{"rendered":"<p>Italia feston 73 vjetorin e krijimit t\u00eb Republik\u00ebs! Festimet zyrtare kan\u00eb nisur me p\u00ebrsh\u00ebndetjen e presidentit italian Sergio Mattarella, I cili vuri theksin te barazia mes t\u00eb gjith\u00eb atyre njer\u00ebzve q\u00eb jetojn\u00eb Aty. Meta:\u00a0Sot \u00ebsht\u00eb fest\u00eb e t\u00eb gjith\u00eb atyre q\u00eb jan\u00eb n\u00eb territorin ton\u00eb, \u00ebsht\u00eb e dedikuar p\u00ebr emigrant\u00ebt, rom\u00ebt, t\u00eb cil\u00ebt jan\u00eb k\u00ebtu [&hellip;]<\/p>\n","protected":false},"author":2013,"featured_media":85288,"comment_status":"open","ping_status":"closed","sticky":false,"template":"","format":"standard","meta":{"footnotes":""},"categories":[241,235],"tags":[],"class_list":{"0":"post-87307","1":"post","2":"type-post","3":"status-publish","4":"format-standard","5":"has-post-thumbnail","7":"category-aktualitet","8":"category-vendi"},"_links":{"self":[{"href":"https:\/\/zjarr.tv\/sq\/wp-json\/wp\/v2\/posts\/87307","targetHints":{"allow":["GET"]}}],"collection":[{"href":"https:\/\/zjarr.tv\/sq\/wp-json\/wp\/v2\/posts"}],"about":[{"href":"https:\/\/zjarr.tv\/sq\/wp-json\/wp\/v2\/types\/post"}],"author":[{"embeddable":true,"href":"https:\/\/zjarr.tv\/sq\/wp-json\/wp\/v2\/users\/2013"}],"replies":[{"embeddable":true,"href":"https:\/\/zjarr.tv\/sq\/wp-json\/wp\/v2\/comments?post=87307"}],"version-history":[{"count":0,"href":"https:\/\/zjarr.tv\/sq\/wp-json\/wp\/v2\/posts\/87307\/revisions"}],"wp:featuredmedia":[{"embeddable":true,"href":"https:\/\/zjarr.tv\/sq\/wp-json\/wp\/v2\/media\/85288"}],"wp:attachment":[{"href":"https:\/\/zjarr.tv\/sq\/wp-json\/wp\/v2\/media?parent=87307"}],"wp:term":[{"taxonomy":"category","embeddable":true,"href":"https:\/\/zjarr.tv\/sq\/wp-json\/wp\/v2\/categories?post=87307"},{"taxonomy":"post_tag","embeddable":true,"href":"https:\/\/zjarr.tv\/sq\/wp-json\/wp\/v2\/tags?post=87307"}],"curies":[{"name":"wp","href":"https:\/\/api.w.org\/{rel}","templated":true}]}}