{"id":87315,"date":"2019-06-02T16:47:50","date_gmt":"2019-06-02T14:47:50","guid":{"rendered":"https:\/\/zjarr.tv\/?p=87315"},"modified":"2019-06-02T16:47:50","modified_gmt":"2019-06-02T14:47:50","slug":"protesta-e-madhe-e-opozites-rama-largohet-serish-nga-tirana","status":"publish","type":"post","link":"https:\/\/zjarr.tv\/sq\/protesta-e-madhe-e-opozites-rama-largohet-serish-nga-tirana\/","title":{"rendered":"Protesta e madhe e opozit\u00ebs, Rama largohet s\u00ebrish nga Tirana"},"content":{"rendered":"<p>Edhe k\u00ebt\u00eb her\u00eb, Rama do ta shmang\u00eb protest\u00ebn e parashikuar n\u00eb or\u00ebn 19.00 para godin\u00ebs s\u00eb kryeministris\u00eb.<\/p>\n<p>Gjat\u00eb koh\u00ebs q\u00eb protestues t\u00eb ardhur nga t\u00eb gjitha rrethet do t\u00eb protestojn\u00eb p\u00ebr largimin e Ram\u00ebs dhe zgjedhjeve t\u00eb parakohshme, kryeministri nuk do t\u00eb jet\u00eb n\u00eb Tiran\u00eb.<\/p>\n<p>Ky fakt \u00ebsht\u00eb konfirmuar nga vet\u00eb Rama, i cili p\u00ebrmes nj\u00eb njoftimi n\u00eb rrjetet sociale sqaron se do t\u00eb jet\u00eb n\u00eb Lezh\u00eb n\u00eb mb\u00ebshtetje t\u00eb kandidatit t\u00eb PS, Pjerin Ndreu.<\/p>\n<p>&nbsp;<\/p>\n<p>\u201cSot 18.00 fushata e 30 qershorit vijon me Lezh\u00ebn, t\u00eb cil\u00ebs bashk\u00eb me Pjerinin do t\u2019i japim nj\u00eb hov t\u00eb ri me rrug\u00ebn e re turistike Sh\u00ebngjin\/Velipoj\u00eb e hapjen e nj\u00eb kapitulli t\u00eb ri zhvillimi turistik e rural p\u00ebr ta v\u00ebn\u00eb at\u00eb dhurat\u00eb t\u00eb natyr\u00ebs n\u00eb funksion t\u00eb ekonomis\u00eb e pun\u00ebsimit\u201d, shkruan Rama.<\/p>\n<p>&nbsp;<\/p>\n","protected":false},"excerpt":{"rendered":"<p>Edhe k\u00ebt\u00eb her\u00eb, Rama do ta shmang\u00eb protest\u00ebn e parashikuar n\u00eb or\u00ebn 19.00 para godin\u00ebs s\u00eb kryeministris\u00eb. Gjat\u00eb koh\u00ebs q\u00eb protestues t\u00eb ardhur nga t\u00eb gjitha rrethet do t\u00eb protestojn\u00eb p\u00ebr largimin e Ram\u00ebs dhe zgjedhjeve t\u00eb parakohshme, kryeministri nuk do t\u00eb jet\u00eb n\u00eb Tiran\u00eb. Ky fakt \u00ebsht\u00eb konfirmuar nga vet\u00eb Rama, i cili p\u00ebrmes [&hellip;]<\/p>\n","protected":false},"author":2013,"featured_media":65280,"comment_status":"open","ping_status":"closed","sticky":false,"template":"","format":"standard","meta":{"footnotes":""},"categories":[241,235],"tags":[],"class_list":{"0":"post-87315","1":"post","2":"type-post","3":"status-publish","4":"format-standard","5":"has-post-thumbnail","7":"category-aktualitet","8":"category-vendi"},"_links":{"self":[{"href":"https:\/\/zjarr.tv\/sq\/wp-json\/wp\/v2\/posts\/87315","targetHints":{"allow":["GET"]}}],"collection":[{"href":"https:\/\/zjarr.tv\/sq\/wp-json\/wp\/v2\/posts"}],"about":[{"href":"https:\/\/zjarr.tv\/sq\/wp-json\/wp\/v2\/types\/post"}],"author":[{"embeddable":true,"href":"https:\/\/zjarr.tv\/sq\/wp-json\/wp\/v2\/users\/2013"}],"replies":[{"embeddable":true,"href":"https:\/\/zjarr.tv\/sq\/wp-json\/wp\/v2\/comments?post=87315"}],"version-history":[{"count":0,"href":"https:\/\/zjarr.tv\/sq\/wp-json\/wp\/v2\/posts\/87315\/revisions"}],"wp:featuredmedia":[{"embeddable":true,"href":"https:\/\/zjarr.tv\/sq\/wp-json\/wp\/v2\/media\/65280"}],"wp:attachment":[{"href":"https:\/\/zjarr.tv\/sq\/wp-json\/wp\/v2\/media?parent=87315"}],"wp:term":[{"taxonomy":"category","embeddable":true,"href":"https:\/\/zjarr.tv\/sq\/wp-json\/wp\/v2\/categories?post=87315"},{"taxonomy":"post_tag","embeddable":true,"href":"https:\/\/zjarr.tv\/sq\/wp-json\/wp\/v2\/tags?post=87315"}],"curies":[{"name":"wp","href":"https:\/\/api.w.org\/{rel}","templated":true}]}}