{"id":87325,"date":"2019-06-02T16:55:25","date_gmt":"2019-06-02T14:55:25","guid":{"rendered":"https:\/\/zjarr.tv\/?p=87325"},"modified":"2019-06-02T16:55:25","modified_gmt":"2019-06-02T14:55:25","slug":"protesta-masive-ne-beograd-te-dorehiqet-vucic","status":"publish","type":"post","link":"https:\/\/zjarr.tv\/sq\/protesta-masive-ne-beograd-te-dorehiqet-vucic\/","title":{"rendered":"Protesta masive n\u00eb Beograd: T\u00eb dor\u00ebhiqet Vu\u00e7i\u00e7"},"content":{"rendered":"<p>Mij\u00ebra qytetar\u00eb kan\u00eb protestuar t\u00eb shtun\u00ebn n\u00eb Beograd kund\u00ebr Qeveris\u00eb s\u00eb Serbis\u00eb, n\u00eb demonstratat q\u00eb po vazhdojn\u00eb q\u00eb nga dhjetori i vitit t\u00eb kaluar, \u00e7do fundjav\u00eb.<\/p>\n<p>Protestuesit kan\u00eb brohoritur thirrje p\u00ebr dor\u00ebheqjen e presidentit Aleksandar Vu\u00e7i\u00e7. Protestat antiqeveritare \u201cNj\u00eb n\u00eb pes\u00eb milion\u00eb\u201d mbahen n\u00eb Beograd \u00e7do t\u00eb shtun\u00eb qysh m\u00eb 8 dhjetor t\u00eb vitit t\u00eb kaluar. N\u00eb nd\u00ebrkoh\u00eb, ato jan\u00eb shtrir\u00eb edhe n\u00eb qytete t\u00eb tjera t\u00eb Serbis\u00eb.<\/p>\n<p>Ato kishin filluar si reagim p\u00ebr sulmin ndaj liderit opozitar, Borko Stefanovi\u00e7 i cili ishte rrahur brutalisht nga sulmues t\u00eb maskuar.<\/p>\n<p>Protestuesit q\u00eb p\u00ebrfshijn\u00eb figura publike, politikan\u00eb t\u00eb opozit\u00ebs, profesor\u00eb universitetesh e t\u00eb tjer\u00eb, k\u00ebrkojn\u00eb m\u00eb shum\u00eb hap\u00ebsir\u00eb n\u00eb televizionin publik, pastaj zbulimin e urdh\u00ebruesve dhe kryesve t\u00eb, si\u00e7 thon\u00eb, sulmeve ndaj qytetar\u00ebve, gazetar\u00ebve, aktivist\u00ebve dhe politikan\u00ebve, si dhe publikimin e \u201cplanit p\u00ebr zgjidhjen e \u00e7\u00ebshtjes s\u00eb Kosov\u00ebs\u201d.<\/p>\n<p>Vu\u00e7i\u00e7 ishte tallur me protestuesit, duke th\u00ebn\u00eb se ai nuk do t\u00eb plot\u00ebsoj\u00eb k\u00ebrkesat e tyre \u201cedhe n\u00ebse pes\u00eb milion\u00eb njer\u00ebz protestojn\u00eb\u201d. Q\u00eb nga at\u00ebher\u00eb, protestat nuk jan\u00eb ndalur n\u00ebn sloganin \u201cNj\u00eb n\u00eb pes\u00eb milion\u201d.<\/p>\n<p>&nbsp;<\/p>\n","protected":false},"excerpt":{"rendered":"<p>Mij\u00ebra qytetar\u00eb kan\u00eb protestuar t\u00eb shtun\u00ebn n\u00eb Beograd kund\u00ebr Qeveris\u00eb s\u00eb Serbis\u00eb, n\u00eb demonstratat q\u00eb po vazhdojn\u00eb q\u00eb nga dhjetori i vitit t\u00eb kaluar, \u00e7do fundjav\u00eb. Protestuesit kan\u00eb brohoritur thirrje p\u00ebr dor\u00ebheqjen e presidentit Aleksandar Vu\u00e7i\u00e7. Protestat antiqeveritare \u201cNj\u00eb n\u00eb pes\u00eb milion\u00eb\u201d mbahen n\u00eb Beograd \u00e7do t\u00eb shtun\u00eb qysh m\u00eb 8 dhjetor t\u00eb vitit t\u00eb [&hellip;]<\/p>\n","protected":false},"author":2013,"featured_media":87326,"comment_status":"open","ping_status":"closed","sticky":false,"template":"","format":"standard","meta":{"footnotes":""},"categories":[241,2],"tags":[],"class_list":{"0":"post-87325","1":"post","2":"type-post","3":"status-publish","4":"format-standard","5":"has-post-thumbnail","7":"category-aktualitet","8":"category-rajoni"},"_links":{"self":[{"href":"https:\/\/zjarr.tv\/sq\/wp-json\/wp\/v2\/posts\/87325","targetHints":{"allow":["GET"]}}],"collection":[{"href":"https:\/\/zjarr.tv\/sq\/wp-json\/wp\/v2\/posts"}],"about":[{"href":"https:\/\/zjarr.tv\/sq\/wp-json\/wp\/v2\/types\/post"}],"author":[{"embeddable":true,"href":"https:\/\/zjarr.tv\/sq\/wp-json\/wp\/v2\/users\/2013"}],"replies":[{"embeddable":true,"href":"https:\/\/zjarr.tv\/sq\/wp-json\/wp\/v2\/comments?post=87325"}],"version-history":[{"count":0,"href":"https:\/\/zjarr.tv\/sq\/wp-json\/wp\/v2\/posts\/87325\/revisions"}],"wp:featuredmedia":[{"embeddable":true,"href":"https:\/\/zjarr.tv\/sq\/wp-json\/wp\/v2\/media\/87326"}],"wp:attachment":[{"href":"https:\/\/zjarr.tv\/sq\/wp-json\/wp\/v2\/media?parent=87325"}],"wp:term":[{"taxonomy":"category","embeddable":true,"href":"https:\/\/zjarr.tv\/sq\/wp-json\/wp\/v2\/categories?post=87325"},{"taxonomy":"post_tag","embeddable":true,"href":"https:\/\/zjarr.tv\/sq\/wp-json\/wp\/v2\/tags?post=87325"}],"curies":[{"name":"wp","href":"https:\/\/api.w.org\/{rel}","templated":true}]}}