{"id":87344,"date":"2019-06-02T17:19:49","date_gmt":"2019-06-02T15:19:49","guid":{"rendered":"https:\/\/zjarr.tv\/?p=87344"},"modified":"2019-06-02T17:19:49","modified_gmt":"2019-06-02T15:19:49","slug":"ironia-e-dylgjerit-caushesku-nuk-ka-gisht","status":"publish","type":"post","link":"https:\/\/zjarr.tv\/sq\/ironia-e-dylgjerit-caushesku-nuk-ka-gisht\/","title":{"rendered":"Ironia e Dylgjerit\/ \u00c7aushesku nuk ka gisht!"},"content":{"rendered":"<p>Nga Ylli Dylgjeri<\/p>\n<p>Dihet tashm\u00eb humori q\u00eb qarkullon n\u00eb diktatura, apo prag diktaturash.<br \/>\nTregojn\u00eb p\u00ebr nj\u00eb humorist t\u00eb madh rumun q\u00eb b\u00ebnte humor me politik\u00ebn dhe qeverin\u00eb. Thonte biles nga nj\u00eb barcealet\u00eb n\u00eb dit\u00eb. Por\u2026u b\u00eb edhe shqet\u00ebsim p\u00ebr regjimin. U b\u00eb sa s\u2019mbante m\u00eb.<br \/>\nAt\u00ebhere regjimi i eg\u00ebrsuar vendosi ta eleminoj\u00eb.<br \/>\nJo! \u2013 tha \u00c7aushesku, m\u00eb keq do b\u00ebhet, do na e marr vesh bota dhe do na bjer\u00eb mbi kok\u00eb!<br \/>\nAt\u00ebher\u00eb \u00e7t\u00eb b\u00ebjm\u00eb Shef?<br \/>\nThirreni, e urdh\u00ebroni q\u00eb p\u00ebr \u00e7do humor q\u00eb b\u00ebn t\u00eb thot\u00eb: Nuk ka gisht \u00c7aushesku!<br \/>\nSi urdh\u00ebron Shef!<br \/>\nT\u00eb nes\u00ebrmen e th\u00ebrrasin humoristin kompetent\u00ebt, i trasmetojn\u00eb porosin\u00eb, dhe marin dakort\u00ebsin\u00eb nga humoristi.<br \/>\nT\u00eb pasnes\u00ebrmen n\u00eb dark\u00eb del barcaleta e radh\u00ebs me nj\u00eb lajm: Zonja \u00c7aushesku \u00ebsht\u00eb shtatzan\u00eb! \u00c7aushesku nuk ka gisht! Kaq.<br \/>\nKemi gra shtatz\u00ebna Ne rrotull?<\/p>\n<p>&nbsp;<\/p>\n","protected":false},"excerpt":{"rendered":"<p>Nga Ylli Dylgjeri Dihet tashm\u00eb humori q\u00eb qarkullon n\u00eb diktatura, apo prag diktaturash. Tregojn\u00eb p\u00ebr nj\u00eb humorist t\u00eb madh rumun q\u00eb b\u00ebnte humor me politik\u00ebn dhe qeverin\u00eb. Thonte biles nga nj\u00eb barcealet\u00eb n\u00eb dit\u00eb. Por\u2026u b\u00eb edhe shqet\u00ebsim p\u00ebr regjimin. U b\u00eb sa s\u2019mbante m\u00eb. At\u00ebhere regjimi i eg\u00ebrsuar vendosi ta eleminoj\u00eb. Jo! \u2013 tha [&hellip;]<\/p>\n","protected":false},"author":2013,"featured_media":0,"comment_status":"open","ping_status":"closed","sticky":false,"template":"","format":"standard","meta":{"footnotes":""},"categories":[241,235],"tags":[],"class_list":{"0":"post-87344","1":"post","2":"type-post","3":"status-publish","4":"format-standard","6":"category-aktualitet","7":"category-vendi"},"_links":{"self":[{"href":"https:\/\/zjarr.tv\/sq\/wp-json\/wp\/v2\/posts\/87344","targetHints":{"allow":["GET"]}}],"collection":[{"href":"https:\/\/zjarr.tv\/sq\/wp-json\/wp\/v2\/posts"}],"about":[{"href":"https:\/\/zjarr.tv\/sq\/wp-json\/wp\/v2\/types\/post"}],"author":[{"embeddable":true,"href":"https:\/\/zjarr.tv\/sq\/wp-json\/wp\/v2\/users\/2013"}],"replies":[{"embeddable":true,"href":"https:\/\/zjarr.tv\/sq\/wp-json\/wp\/v2\/comments?post=87344"}],"version-history":[{"count":0,"href":"https:\/\/zjarr.tv\/sq\/wp-json\/wp\/v2\/posts\/87344\/revisions"}],"wp:attachment":[{"href":"https:\/\/zjarr.tv\/sq\/wp-json\/wp\/v2\/media?parent=87344"}],"wp:term":[{"taxonomy":"category","embeddable":true,"href":"https:\/\/zjarr.tv\/sq\/wp-json\/wp\/v2\/categories?post=87344"},{"taxonomy":"post_tag","embeddable":true,"href":"https:\/\/zjarr.tv\/sq\/wp-json\/wp\/v2\/tags?post=87344"}],"curies":[{"name":"wp","href":"https:\/\/api.w.org\/{rel}","templated":true}]}}