{"id":87349,"date":"2019-06-02T17:23:02","date_gmt":"2019-06-02T15:23:02","guid":{"rendered":"https:\/\/zjarr.tv\/?p=87349"},"modified":"2019-06-02T17:23:02","modified_gmt":"2019-06-02T15:23:02","slug":"korce-dy-lekundje-brenda-pak-minutash-gjate-pasdites","status":"publish","type":"post","link":"https:\/\/zjarr.tv\/sq\/korce-dy-lekundje-brenda-pak-minutash-gjate-pasdites\/","title":{"rendered":"Kor\u00e7\u00eb, dy l\u00ebkundje brenda pak minutash gjat\u00eb pasdites"},"content":{"rendered":"<p>Vijojn\u00eb l\u00ebkundjet e t\u00ebrmetit n\u00eb qytetin e Kor\u00e7\u00ebs. M\u00ebsohet se dy l\u00ebkundje jan\u00eb regjistruar brenda pak minutash n\u00eb or\u00ebt e pasdites s\u00eb sotme (2 qershor).<\/p>\n<p>M\u00eb shum\u00eb se 230 njer\u00ebz\u00a0e g\u00ebdhin\u00eb nat\u00ebn mes t\u00eb shtun\u00ebs dhe t\u00eb diel\u00ebs jasht\u00eb ose n\u00eb \u00e7adrat e ushtris\u00eb, 160 n\u00eb Floq, 40 n\u00eb Vidove dhe 30 ne Qafzes.<\/p>\n<p>Ministria e Mbrojtjes tha se atyre u \u00ebsht\u00eb siguruar ushqim , uj\u00eb dhe sh\u00ebrbim sh\u00ebndet\u00ebsor.<\/p>\n<p>Pas frik\u00ebs s\u00eb momentit p\u00ebr shkak t\u00eb l\u00ebkundjeve sizmike q\u00eb vijojn\u00eb, shqet\u00ebsimi i banor\u00ebve \u00ebsht\u00eb p\u00ebr momentin.<\/p>\n<p>Ata thon\u00eb se nuk mund t\u00eb kthehen n\u00eb sht\u00ebpit\u00eb e d\u00ebmtuara, ndaj tashm\u00eb k\u00ebrkojn\u00eb ndihm\u00ebn e shtetit p\u00ebr rinisur jet\u00ebn t\u00eb sigurt\u00eb me nj\u00eb \u00e7ati mbi kok\u00eb.<\/p>\n<p>Mes tyre ka f\u00ebmij\u00eb, gra shtatzana dhe t\u00eb moshuar. Ata tregojn\u00eb tmerrin q\u00eb p\u00ebrjetuan m\u00ebngjesin e s\u00eb shtun\u00ebs.<\/p>\n<p>Emergjencat civile n\u00eb raportin paraprake flasin p\u00ebr 184 banesa t\u00eb d\u00ebmtuara, 60 % nga t\u00eb cilat thuhet se jan\u00eb t\u00eb pabanueshme.<\/p>\n<p>&nbsp;<\/p>\n","protected":false},"excerpt":{"rendered":"<p>Vijojn\u00eb l\u00ebkundjet e t\u00ebrmetit n\u00eb qytetin e Kor\u00e7\u00ebs. M\u00ebsohet se dy l\u00ebkundje jan\u00eb regjistruar brenda pak minutash n\u00eb or\u00ebt e pasdites s\u00eb sotme (2 qershor). M\u00eb shum\u00eb se 230 njer\u00ebz\u00a0e g\u00ebdhin\u00eb nat\u00ebn mes t\u00eb shtun\u00ebs dhe t\u00eb diel\u00ebs jasht\u00eb ose n\u00eb \u00e7adrat e ushtris\u00eb, 160 n\u00eb Floq, 40 n\u00eb Vidove dhe 30 ne Qafzes. Ministria [&hellip;]<\/p>\n","protected":false},"author":2013,"featured_media":87165,"comment_status":"open","ping_status":"closed","sticky":false,"template":"","format":"standard","meta":{"footnotes":""},"categories":[241,235],"tags":[],"class_list":{"0":"post-87349","1":"post","2":"type-post","3":"status-publish","4":"format-standard","5":"has-post-thumbnail","7":"category-aktualitet","8":"category-vendi"},"_links":{"self":[{"href":"https:\/\/zjarr.tv\/sq\/wp-json\/wp\/v2\/posts\/87349","targetHints":{"allow":["GET"]}}],"collection":[{"href":"https:\/\/zjarr.tv\/sq\/wp-json\/wp\/v2\/posts"}],"about":[{"href":"https:\/\/zjarr.tv\/sq\/wp-json\/wp\/v2\/types\/post"}],"author":[{"embeddable":true,"href":"https:\/\/zjarr.tv\/sq\/wp-json\/wp\/v2\/users\/2013"}],"replies":[{"embeddable":true,"href":"https:\/\/zjarr.tv\/sq\/wp-json\/wp\/v2\/comments?post=87349"}],"version-history":[{"count":0,"href":"https:\/\/zjarr.tv\/sq\/wp-json\/wp\/v2\/posts\/87349\/revisions"}],"wp:featuredmedia":[{"embeddable":true,"href":"https:\/\/zjarr.tv\/sq\/wp-json\/wp\/v2\/media\/87165"}],"wp:attachment":[{"href":"https:\/\/zjarr.tv\/sq\/wp-json\/wp\/v2\/media?parent=87349"}],"wp:term":[{"taxonomy":"category","embeddable":true,"href":"https:\/\/zjarr.tv\/sq\/wp-json\/wp\/v2\/categories?post=87349"},{"taxonomy":"post_tag","embeddable":true,"href":"https:\/\/zjarr.tv\/sq\/wp-json\/wp\/v2\/tags?post=87349"}],"curies":[{"name":"wp","href":"https:\/\/api.w.org\/{rel}","templated":true}]}}