{"id":87351,"date":"2019-06-02T17:24:14","date_gmt":"2019-06-02T15:24:14","guid":{"rendered":"https:\/\/zjarr.tv\/?p=87351"},"modified":"2019-06-02T17:24:14","modified_gmt":"2019-06-02T15:24:14","slug":"papa-kujdes-nga-ideologjite-percarese","status":"publish","type":"post","link":"https:\/\/zjarr.tv\/sq\/papa-kujdes-nga-ideologjite-percarese\/","title":{"rendered":"Papa: Kujdes nga ideologjit\u00eb p\u00ebr\u00e7ar\u00ebse"},"content":{"rendered":"<p>Papa Fran\u00e7esku paralajm\u00ebroi t\u00eb diel\u00ebn se bota p\u00ebrballet me p\u00ebrpjekjeje t\u00eb reja ideologjike p\u00ebr t\u00eb mbjell\u00eb frik\u00eb dhe ndasi n\u00eb shoq\u00ebri.<\/p>\n<p>Ai tha se l\u00ebvizjet e reja ateiste kan\u00eb p\u00ebr objektiv t\u00eb rinjt\u00eb dhe synojn\u00eb t\u00eb \u00e7rr\u00ebnjosin traditat kulturore dhe fetare t\u00eb shoq\u00ebris\u00eb.<\/p>\n<p>Komentet e Papa Fran\u00e7eskut u b\u00ebn\u00eb p\u00ebrpara mij\u00ebra t\u00eb pranishm\u00ebve n\u00eb vazhd\u00ebn e vizit\u00ebs apostolike n\u00eb Rumani, ku ai lumturoi 7 ipeshkvij greko-katolik\u00eb t\u00eb r\u00ebn\u00eb si martir\u00eb gjat\u00eb periudh\u00ebs s\u00eb komunizmit rumun.<\/p>\n<p><strong>Papa:<\/strong>\u00a0<em>Ata i pranuan kushtet barbare t\u00eb burgut dhe \u00e7do lloj keqtrajtimi duke mos e mohuar besnik\u00ebrin\u00eb e tyre p\u00ebr Kish\u00ebn. Klerik\u00ebt u syrgjynos\u00ebn dhe dhan\u00eb jet\u00ebn p\u00ebr t\u00eb kund\u00ebrshtuar nj\u00eb sistem ideologjik q\u00eb shtypte t\u00eb drejtat themelore t\u00eb njeriut.<\/em><\/p>\n<p>Historian\u00ebt tregojn\u00eb se rreth gjysm\u00eb milion rumun\u00eb, mes tyre politikan\u00eb, klerik\u00eb, doktor\u00eb, pronar\u00eb tokash apo tregtar\u00eb u burgos\u00ebn ose u persekutuan n\u00eb kampe internimi n\u00eb vitet 50-60.<\/p>\n<p>Pas Luft\u00ebs s\u00eb Dyt\u00eb Bot\u00ebrore, autoritetet komuniste t\u00eb Rumanis\u00eb konfiskuan pronat e Kish\u00ebs Katolike dhe urdh\u00ebruan an\u00ebtar\u00ebt e saj t&#8217;u bashkohen Kish\u00ebs Ortodokse, e cila kontrollohej m\u00eb leht\u00eb nga partia komuniste e Nikola \u00c7ausheskut.<\/p>\n<p>Kreu i Vatikanit e cil\u00ebsoi komunizmin rumun dhe nismat e p\u00ebrngjashme si forma t\u00eb kolonizimit ideologjik q\u00eb kan\u00eb p\u00ebr q\u00ebllim zhvler\u00ebsimin e personit, jet\u00ebs, martes\u00ebs dhe familjes.<\/p>\n<p>Popullsia rumune identifikohet n\u00eb shumic\u00ebn e saj e besimit ortodoks, nd\u00ebrsa katolik\u00ebt p\u00ebrb\u00ebjn\u00eb m\u00eb pak se 5 p\u00ebr qind.<\/p>\n<p>Vizita e Pap\u00ebs vjen 20 vite pas asaj t\u00eb Papa Gjon Palit t\u00eb Dyt\u00eb, q\u00eb u vler\u00ebsua p\u00ebr rolin e tij n\u00eb r\u00ebnien e komunizmit.<\/p>\n<p>&nbsp;<\/p>\n","protected":false},"excerpt":{"rendered":"<p>Papa Fran\u00e7esku paralajm\u00ebroi t\u00eb diel\u00ebn se bota p\u00ebrballet me p\u00ebrpjekjeje t\u00eb reja ideologjike p\u00ebr t\u00eb mbjell\u00eb frik\u00eb dhe ndasi n\u00eb shoq\u00ebri. Ai tha se l\u00ebvizjet e reja ateiste kan\u00eb p\u00ebr objektiv t\u00eb rinjt\u00eb dhe synojn\u00eb t\u00eb \u00e7rr\u00ebnjosin traditat kulturore dhe fetare t\u00eb shoq\u00ebris\u00eb. Komentet e Papa Fran\u00e7eskut u b\u00ebn\u00eb p\u00ebrpara mij\u00ebra t\u00eb pranishm\u00ebve n\u00eb vazhd\u00ebn [&hellip;]<\/p>\n","protected":false},"author":2013,"featured_media":0,"comment_status":"open","ping_status":"closed","sticky":false,"template":"","format":"standard","meta":{"footnotes":""},"categories":[241,191],"tags":[],"class_list":{"0":"post-87351","1":"post","2":"type-post","3":"status-publish","4":"format-standard","6":"category-aktualitet","7":"category-bota"},"_links":{"self":[{"href":"https:\/\/zjarr.tv\/sq\/wp-json\/wp\/v2\/posts\/87351","targetHints":{"allow":["GET"]}}],"collection":[{"href":"https:\/\/zjarr.tv\/sq\/wp-json\/wp\/v2\/posts"}],"about":[{"href":"https:\/\/zjarr.tv\/sq\/wp-json\/wp\/v2\/types\/post"}],"author":[{"embeddable":true,"href":"https:\/\/zjarr.tv\/sq\/wp-json\/wp\/v2\/users\/2013"}],"replies":[{"embeddable":true,"href":"https:\/\/zjarr.tv\/sq\/wp-json\/wp\/v2\/comments?post=87351"}],"version-history":[{"count":0,"href":"https:\/\/zjarr.tv\/sq\/wp-json\/wp\/v2\/posts\/87351\/revisions"}],"wp:attachment":[{"href":"https:\/\/zjarr.tv\/sq\/wp-json\/wp\/v2\/media?parent=87351"}],"wp:term":[{"taxonomy":"category","embeddable":true,"href":"https:\/\/zjarr.tv\/sq\/wp-json\/wp\/v2\/categories?post=87351"},{"taxonomy":"post_tag","embeddable":true,"href":"https:\/\/zjarr.tv\/sq\/wp-json\/wp\/v2\/tags?post=87351"}],"curies":[{"name":"wp","href":"https:\/\/api.w.org\/{rel}","templated":true}]}}