{"id":87357,"date":"2019-06-02T21:20:32","date_gmt":"2019-06-02T19:20:32","guid":{"rendered":"https:\/\/zjarr.tv\/?p=87357"},"modified":"2019-06-02T17:29:09","modified_gmt":"2019-06-02T15:29:09","slug":"gruevski-dorehiqet-nga-posti-i-deputetit","status":"publish","type":"post","link":"https:\/\/zjarr.tv\/sq\/gruevski-dorehiqet-nga-posti-i-deputetit\/","title":{"rendered":"Gruevski dor\u00ebhiqet nga posti i deputetit"},"content":{"rendered":"<p>Ish-kryeministri \u00a0i Maqedonis\u00eb s\u00eb Veriut dhe deputeti i VMRO-DPMNE-s\u00eb, Nikolla Gruevski ka dh\u00ebn\u00eb dor\u00ebheqje nga funksioni i deputetit. Vendimin e tij Gruevski e b\u00ebri t\u00eb ditur nga Budapesti, p\u00ebrmes profilit t\u00eb tij n\u00eb Facebook duke i paraprir\u00eb k\u00ebshtu vendimit t\u00eb Parlamentit i cili duhej ta shkarkonte nga posti k\u00ebto dit\u00eb.<\/p>\n<p><strong>Ja postimi i Gruevskit<\/strong><\/p>\n<p><em>\u201cVendosa t\u00eb t\u00ebrhiqem nga funksioni i deputetit. P\u00ebr k\u00ebt\u00eb vendim dit\u00ebve n\u00eb vijim do ta informoj formalisht edhe Kuvendin. Fal\u00ebnderoj deputet\u00ebt e VMRO-DPMNE-s\u00eb, t\u00eb cil\u00ebt ruajt\u00ebn pozicionet parimore q\u00eb jan\u00eb n\u00eb p\u00ebrputhje me Kushtetut\u00ebn dhe t\u00eb drejt\u00ebn nd\u00ebrkomb\u00ebtare dhe q\u00eb nuk iu n\u00ebnshtruan presioneve. Fal\u00ebnderoj t\u00eb gjith\u00eb q\u00eb m\u00eb dhan\u00eb mb\u00ebshtetje pavar\u00ebsisht presioneve dhe padrejt\u00ebsive, propagand\u00ebs s\u00eb rreme dhe rreziqeve. D\u00ebshmuan se ndjenja p\u00ebr drejt\u00ebsi, p\u00ebr rezistenc\u00eb, refuzim dhe rebelim kund\u00ebr padrejt\u00ebsis\u00eb, mbetet forca udh\u00ebheq\u00ebse p\u00ebr popullin dhe qytetar\u00ebt maqedonas, sa do q\u00eb qeveria tenton t\u00eb promovoj vlera tjera n\u00eb kund\u00ebrshtim me k\u00ebto parime\u201d.<\/em><\/p>\n<p>&nbsp;<\/p>\n","protected":false},"excerpt":{"rendered":"<p>Ish-kryeministri \u00a0i Maqedonis\u00eb s\u00eb Veriut dhe deputeti i VMRO-DPMNE-s\u00eb, Nikolla Gruevski ka dh\u00ebn\u00eb dor\u00ebheqje nga funksioni i deputetit. Vendimin e tij Gruevski e b\u00ebri t\u00eb ditur nga Budapesti, p\u00ebrmes profilit t\u00eb tij n\u00eb Facebook duke i paraprir\u00eb k\u00ebshtu vendimit t\u00eb Parlamentit i cili duhej ta shkarkonte nga posti k\u00ebto dit\u00eb. Ja postimi i Gruevskit \u201cVendosa [&hellip;]<\/p>\n","protected":false},"author":2013,"featured_media":69974,"comment_status":"open","ping_status":"closed","sticky":false,"template":"","format":"standard","meta":{"footnotes":""},"categories":[241,2],"tags":[],"class_list":{"0":"post-87357","1":"post","2":"type-post","3":"status-publish","4":"format-standard","5":"has-post-thumbnail","7":"category-aktualitet","8":"category-rajoni"},"_links":{"self":[{"href":"https:\/\/zjarr.tv\/sq\/wp-json\/wp\/v2\/posts\/87357","targetHints":{"allow":["GET"]}}],"collection":[{"href":"https:\/\/zjarr.tv\/sq\/wp-json\/wp\/v2\/posts"}],"about":[{"href":"https:\/\/zjarr.tv\/sq\/wp-json\/wp\/v2\/types\/post"}],"author":[{"embeddable":true,"href":"https:\/\/zjarr.tv\/sq\/wp-json\/wp\/v2\/users\/2013"}],"replies":[{"embeddable":true,"href":"https:\/\/zjarr.tv\/sq\/wp-json\/wp\/v2\/comments?post=87357"}],"version-history":[{"count":0,"href":"https:\/\/zjarr.tv\/sq\/wp-json\/wp\/v2\/posts\/87357\/revisions"}],"wp:featuredmedia":[{"embeddable":true,"href":"https:\/\/zjarr.tv\/sq\/wp-json\/wp\/v2\/media\/69974"}],"wp:attachment":[{"href":"https:\/\/zjarr.tv\/sq\/wp-json\/wp\/v2\/media?parent=87357"}],"wp:term":[{"taxonomy":"category","embeddable":true,"href":"https:\/\/zjarr.tv\/sq\/wp-json\/wp\/v2\/categories?post=87357"},{"taxonomy":"post_tag","embeddable":true,"href":"https:\/\/zjarr.tv\/sq\/wp-json\/wp\/v2\/tags?post=87357"}],"curies":[{"name":"wp","href":"https:\/\/api.w.org\/{rel}","templated":true}]}}