{"id":87389,"date":"2019-06-02T18:29:51","date_gmt":"2019-06-02T16:29:51","guid":{"rendered":"https:\/\/zjarr.tv\/?p=87389"},"modified":"2019-06-02T18:29:51","modified_gmt":"2019-06-02T16:29:51","slug":"rama-per-opoziten-jane-si-beni-ecen-vete-bertasin-per-te-trembur-friken-e-tyre","status":"publish","type":"post","link":"https:\/\/zjarr.tv\/sq\/rama-per-opoziten-jane-si-beni-ecen-vete-bertasin-per-te-trembur-friken-e-tyre\/","title":{"rendered":"Rama p\u00ebr opozit\u00ebn: Jan\u00eb si \u201cBeni ec\u00ebn vet\u00eb\u201d, b\u00ebrtasin p\u00ebr t\u00eb trembur frik\u00ebn e tyre"},"content":{"rendered":"<p>Kryeministri Edi Rama ka prezantuar n\u00eb Lezh\u00eb, kandidatin p\u00ebr kryetar bashkie Pjerin Ndreu. Gjat\u00eb fjal\u00ebs s\u00eb tij, Rama u ndal tek opozita, p\u00ebr t\u00eb cil\u00ebn tha se frika nga humbja e ka b\u00ebr\u00eb q\u00eb mos futen n\u00eb zgjedhjet e 30 qershorit. Madje Rama nuk nguroi t\u00eb b\u00ebnte dhe batuta.<\/p>\n<p><strong>Edi Rama:<\/strong>\u00a0<em>Ata jan\u00eb frikacak\u00eb. E keni par\u00eb filmin \u201cBeni ec\u00ebn vet\u201d. Kur Beni ec\u00ebn n\u00eb pyll dhe k\u00ebndon me z\u00eb t\u00eb lart\u00eb?! Ata b\u00ebrtasin p\u00ebr t\u00eb trembur frik\u00ebn e tyre dhe nuk trembin ask\u00ebnd. Jan\u00eb t\u00eb alarmuar nga reforma n\u00eb drejt\u00ebsi. Nuk e kan\u00eb dashur q\u00eb dit\u00ebn e par\u00eb. Nuk e duan dhe sot. Por sot ndryshe nga dita e par\u00eb e din\u00eb q\u00eb nuk e ndalin dot.<\/em><\/p>\n<p>Rama tha se opozita q\u00eb ka vendosur t\u00eb ik\u00ebn nga zgjedhjet, nuk kan\u00eb asgj\u00eb tjet\u00ebr n\u00eb dor\u00eb, p\u00ebrve\u00e7 ikjes s\u00eb tyre n\u00eb drejtim t\u00eb paditur.<\/p>\n<p><strong>Edi Rama<\/strong>:<em>\u00a0\u00cbsht\u00eb nj\u00eb betej\u00eb m\u00eb e qart\u00eb se t\u00eb tjerat mes t\u00eb shkuar\u00ebs dhe t\u00eb ardhmes. Mes nesh q\u00eb duam ta \u00e7ojm\u00eb p\u00ebrpara me pun\u00eb dhe atyre q\u00eb duan ta kthejn\u00eb mbrapsht p\u00ebrs\u00ebri. Ta kthejn\u00eb mbrapsht me balt\u00eb, sherr dhe konflikt. Mes nesh q\u00eb duam nj\u00eb vend normal demokratik dhe duam tu l\u00ebm\u00eb f\u00ebmij\u00ebve tan\u00eb nj\u00eb vend t\u00eb denj\u00eb p\u00ebr ta dhe atyre q\u00eb duan vet\u00ebm pushtet p\u00ebrmes dhunimit t\u00eb demokracis\u00eb. Ata kan\u00eb frik\u00eb nga zgjedhjet prandaj b\u00ebrtasitn. Kan\u00eb frik\u00eb t\u00eb vij\u00ebn para popullit dhe t\u00eb pranojn\u00eb gjykimin e njer\u00ebzve me vot\u00eb. Prandaj k\u00ebrc\u00ebnojn\u00eb se nuk do ta l\u00ebn\u00eb popullin t\u00eb shprehen me vot\u00eb. \u00a0Ata q\u00eb vendos\u00ebn t\u00eb ik\u00ebn nga zgjedhjet nuk kan\u00eb n\u00eb dor\u00eb asgj\u00eb tjet\u00ebr p\u00ebrve\u00e7 ikjes s\u00eb tyre n\u00eb drejtim t\u00eb paditur. Drejtimi i Shqip\u00ebris\u00eb dihet, drejtimi yn\u00eb dihet, edhe drejtimi q\u00eb \u00ebsht\u00eb kund\u00ebr nesh por jo kund\u00ebr nesh dihet. Zgjedhjet pa opozit\u00ebn jan\u00eb antidemokratike kur opozita pengohet t\u00eb mos hyj\u00eb n\u00eb zgjedhje. Por kur opozita vendos t\u00eb mos hyj\u00eb vet\u00eb jan\u00eb demokratike.<\/em><\/p>\n<p>&nbsp;<\/p>\n","protected":false},"excerpt":{"rendered":"<p>Kryeministri Edi Rama ka prezantuar n\u00eb Lezh\u00eb, kandidatin p\u00ebr kryetar bashkie Pjerin Ndreu. Gjat\u00eb fjal\u00ebs s\u00eb tij, Rama u ndal tek opozita, p\u00ebr t\u00eb cil\u00ebn tha se frika nga humbja e ka b\u00ebr\u00eb q\u00eb mos futen n\u00eb zgjedhjet e 30 qershorit. Madje Rama nuk nguroi t\u00eb b\u00ebnte dhe batuta. Edi Rama:\u00a0Ata jan\u00eb frikacak\u00eb. E keni [&hellip;]<\/p>\n","protected":false},"author":2013,"featured_media":87390,"comment_status":"open","ping_status":"closed","sticky":false,"template":"","format":"standard","meta":{"footnotes":""},"categories":[241,235],"tags":[],"class_list":{"0":"post-87389","1":"post","2":"type-post","3":"status-publish","4":"format-standard","5":"has-post-thumbnail","7":"category-aktualitet","8":"category-vendi"},"_links":{"self":[{"href":"https:\/\/zjarr.tv\/sq\/wp-json\/wp\/v2\/posts\/87389","targetHints":{"allow":["GET"]}}],"collection":[{"href":"https:\/\/zjarr.tv\/sq\/wp-json\/wp\/v2\/posts"}],"about":[{"href":"https:\/\/zjarr.tv\/sq\/wp-json\/wp\/v2\/types\/post"}],"author":[{"embeddable":true,"href":"https:\/\/zjarr.tv\/sq\/wp-json\/wp\/v2\/users\/2013"}],"replies":[{"embeddable":true,"href":"https:\/\/zjarr.tv\/sq\/wp-json\/wp\/v2\/comments?post=87389"}],"version-history":[{"count":0,"href":"https:\/\/zjarr.tv\/sq\/wp-json\/wp\/v2\/posts\/87389\/revisions"}],"wp:featuredmedia":[{"embeddable":true,"href":"https:\/\/zjarr.tv\/sq\/wp-json\/wp\/v2\/media\/87390"}],"wp:attachment":[{"href":"https:\/\/zjarr.tv\/sq\/wp-json\/wp\/v2\/media?parent=87389"}],"wp:term":[{"taxonomy":"category","embeddable":true,"href":"https:\/\/zjarr.tv\/sq\/wp-json\/wp\/v2\/categories?post=87389"},{"taxonomy":"post_tag","embeddable":true,"href":"https:\/\/zjarr.tv\/sq\/wp-json\/wp\/v2\/tags?post=87389"}],"curies":[{"name":"wp","href":"https:\/\/api.w.org\/{rel}","templated":true}]}}