{"id":87392,"date":"2019-06-02T18:32:15","date_gmt":"2019-06-02T16:32:15","guid":{"rendered":"https:\/\/zjarr.tv\/?p=87392"},"modified":"2019-06-02T18:32:15","modified_gmt":"2019-06-02T16:32:15","slug":"protesta-pd-nxjerr-shifrat-ne-tirane-po-vijne-65-mije-qytetare","status":"publish","type":"post","link":"https:\/\/zjarr.tv\/sq\/protesta-pd-nxjerr-shifrat-ne-tirane-po-vijne-65-mije-qytetare\/","title":{"rendered":"Protesta\/ PD nxjerr shifrat: N\u00eb Tiran\u00eb po vijn\u00eb 65 mij\u00eb qytetar\u00eb"},"content":{"rendered":"<p>Pak minuta para nisjes s\u00eb protest\u00ebs, kan\u00eb dal\u00eb edhe shifrat e para t\u00eb pejs\u00ebmarr\u00ebsve nga opozita. Burime nga Partia Demokratike b\u00ebjn\u00eb t\u00eb ditur se kan\u00eb mb\u00ebrritur ose jan\u00eb rrug\u00ebs p\u00ebr n\u00eb Tiran\u00eb rreth 65 mij\u00eb qytetar\u00eb. Ata do t\u00eb marrin pjes\u00eb n\u00eb protest\u00ebn p\u00ebrpara kryeministris\u00eb, e cila do t\u00eb nis\u00eb n\u00eb or\u00ebn 19:00.<\/p>\n<p>Parashikimet p\u00ebr pjes\u00ebmarrjen n\u00eb protest\u00eb jan\u00eb disi m\u00eb t\u00eb larta se ajo e 25 majit, ku llogariteshin rreth 62 mij\u00eb protestues nga rrethet, pa llogaritur qytetar\u00ebt e qarkut t\u00eb Tiran\u00ebs, t\u00eb cil\u00ebt, sipas strukturave organizative t\u00eb Partis\u00eb Demokratike, jan\u00eb zemra e protest\u00ebs.<\/p>\n<p>Nj\u00ebsoj si q\u00eb nga 16 shkurti, k\u00ebrkesa ky\u00e7e e protestave t\u00eb opozit\u00ebs \u00ebsht\u00eb largimi i kryeministrit Rama dhe hapja e rrug\u00ebs p\u00ebr nj\u00eb qeveri tranzitore q\u00eb do t\u00eb garantoj\u00eb zgjedhje t\u00eb lira e t\u00eb ndershme.<\/p>\n<p>Qarku Durr\u00ebs \u2013 9850 qytetar\u00eb<br \/>\nQarku Kuk\u00ebs \u2013 4100 qytetar\u00eb<br \/>\nQarku Shkod\u00ebr \u2013 9600 qytetar\u00eb<br \/>\nQarku Dib\u00ebr \u2013 3550 qytetar\u00eb<\/p>\n<p>Qarku Lezh\u00eb \u2013 7400 qytetar\u00eb<\/p>\n<p>Qarku Kor\u00e7\u00eb \u2013 4600 qytetar\u00eb<br \/>\nQarku Berat \u2013 3050 qytetar\u00eb<br \/>\nQarku Fier \u2013 5800 qytetar\u00eb<br \/>\nQarku Gjirokast\u00ebr \u2013 2400 qytetar\u00eb<br \/>\nQarku Elbasan \u2013 8200 qytetar\u00eb<br \/>\nQarku Vlor\u00eb \u2013 5250 qytetar\u00eb<\/p>\n<p>Protesta pritet t\u00eb nis\u00eb zyrtarisht rreth or\u00ebs 19.15-19.30 dhe fol\u00ebsi kryesor i saj do t\u00eb jet\u00eb Kryetari i opozit\u00ebs, Lulzim Basha.<\/p>\n<p>&nbsp;<\/p>\n","protected":false},"excerpt":{"rendered":"<p>Pak minuta para nisjes s\u00eb protest\u00ebs, kan\u00eb dal\u00eb edhe shifrat e para t\u00eb pejs\u00ebmarr\u00ebsve nga opozita. Burime nga Partia Demokratike b\u00ebjn\u00eb t\u00eb ditur se kan\u00eb mb\u00ebrritur ose jan\u00eb rrug\u00ebs p\u00ebr n\u00eb Tiran\u00eb rreth 65 mij\u00eb qytetar\u00eb. Ata do t\u00eb marrin pjes\u00eb n\u00eb protest\u00ebn p\u00ebrpara kryeministris\u00eb, e cila do t\u00eb nis\u00eb n\u00eb or\u00ebn 19:00. Parashikimet p\u00ebr [&hellip;]<\/p>\n","protected":false},"author":2013,"featured_media":87076,"comment_status":"open","ping_status":"closed","sticky":false,"template":"","format":"standard","meta":{"footnotes":""},"categories":[241,235],"tags":[],"class_list":{"0":"post-87392","1":"post","2":"type-post","3":"status-publish","4":"format-standard","5":"has-post-thumbnail","7":"category-aktualitet","8":"category-vendi"},"_links":{"self":[{"href":"https:\/\/zjarr.tv\/sq\/wp-json\/wp\/v2\/posts\/87392","targetHints":{"allow":["GET"]}}],"collection":[{"href":"https:\/\/zjarr.tv\/sq\/wp-json\/wp\/v2\/posts"}],"about":[{"href":"https:\/\/zjarr.tv\/sq\/wp-json\/wp\/v2\/types\/post"}],"author":[{"embeddable":true,"href":"https:\/\/zjarr.tv\/sq\/wp-json\/wp\/v2\/users\/2013"}],"replies":[{"embeddable":true,"href":"https:\/\/zjarr.tv\/sq\/wp-json\/wp\/v2\/comments?post=87392"}],"version-history":[{"count":0,"href":"https:\/\/zjarr.tv\/sq\/wp-json\/wp\/v2\/posts\/87392\/revisions"}],"wp:featuredmedia":[{"embeddable":true,"href":"https:\/\/zjarr.tv\/sq\/wp-json\/wp\/v2\/media\/87076"}],"wp:attachment":[{"href":"https:\/\/zjarr.tv\/sq\/wp-json\/wp\/v2\/media?parent=87392"}],"wp:term":[{"taxonomy":"category","embeddable":true,"href":"https:\/\/zjarr.tv\/sq\/wp-json\/wp\/v2\/categories?post=87392"},{"taxonomy":"post_tag","embeddable":true,"href":"https:\/\/zjarr.tv\/sq\/wp-json\/wp\/v2\/tags?post=87392"}],"curies":[{"name":"wp","href":"https:\/\/api.w.org\/{rel}","templated":true}]}}