{"id":87400,"date":"2019-06-02T19:06:30","date_gmt":"2019-06-02T17:06:30","guid":{"rendered":"https:\/\/zjarr.tv\/?p=87400"},"modified":"2019-06-02T19:06:30","modified_gmt":"2019-06-02T17:06:30","slug":"unaza-e-re-marshon-drejt-kryeministrise","status":"publish","type":"post","link":"https:\/\/zjarr.tv\/sq\/unaza-e-re-marshon-drejt-kryeministrise\/","title":{"rendered":"Unaza e Re marshon drejt Kryeministris\u00eb"},"content":{"rendered":"<p>Banor\u00ebt e Unaz\u00ebs s\u00eb Re t\u00eb radhitur n\u00eb rreshta e me jelek\u00eb portokalli, me n\u00eb krye ish-deputetin e PD Klevis Balliu kan\u00eb nisur rrug\u00ebn drejt Kryeministris\u00eb.<\/p>\n<p>Dhjet\u00ebra banor\u00eb me flamurin komb\u00ebtar n\u00eb krye dhe nj\u00eb pankart\u00eb gjigande jan\u00eb nisur m\u00eb k\u00ebmb\u00eb drejt Bulevardit nga Unaza e Re. Ata do t\u2019iu bashkohen protestuesve t\u00eb tjer\u00eb n\u00eb bulevardin kryesor t\u00eb Tiran\u00ebs, para godin\u00ebs s\u00eb Kryeministris\u00eb. Ata th\u00ebrrasin \u201cRama ik\u201d n\u00eb kor, nd\u00ebrsa n\u00eb pankart\u00eb shkruhet nd\u00ebr t\u00eb tjera \u201cFitorja \u00ebsht\u00eb af\u00ebr\u201d.<\/p>\n<p>&nbsp;<\/p>\n","protected":false},"excerpt":{"rendered":"<p>Banor\u00ebt e Unaz\u00ebs s\u00eb Re t\u00eb radhitur n\u00eb rreshta e me jelek\u00eb portokalli, me n\u00eb krye ish-deputetin e PD Klevis Balliu kan\u00eb nisur rrug\u00ebn drejt Kryeministris\u00eb. Dhjet\u00ebra banor\u00eb me flamurin komb\u00ebtar n\u00eb krye dhe nj\u00eb pankart\u00eb gjigande jan\u00eb nisur m\u00eb k\u00ebmb\u00eb drejt Bulevardit nga Unaza e Re. Ata do t\u2019iu bashkohen protestuesve t\u00eb tjer\u00eb n\u00eb [&hellip;]<\/p>\n","protected":false},"author":2013,"featured_media":87401,"comment_status":"open","ping_status":"closed","sticky":false,"template":"","format":"standard","meta":{"footnotes":""},"categories":[241,235],"tags":[],"class_list":{"0":"post-87400","1":"post","2":"type-post","3":"status-publish","4":"format-standard","5":"has-post-thumbnail","7":"category-aktualitet","8":"category-vendi"},"_links":{"self":[{"href":"https:\/\/zjarr.tv\/sq\/wp-json\/wp\/v2\/posts\/87400","targetHints":{"allow":["GET"]}}],"collection":[{"href":"https:\/\/zjarr.tv\/sq\/wp-json\/wp\/v2\/posts"}],"about":[{"href":"https:\/\/zjarr.tv\/sq\/wp-json\/wp\/v2\/types\/post"}],"author":[{"embeddable":true,"href":"https:\/\/zjarr.tv\/sq\/wp-json\/wp\/v2\/users\/2013"}],"replies":[{"embeddable":true,"href":"https:\/\/zjarr.tv\/sq\/wp-json\/wp\/v2\/comments?post=87400"}],"version-history":[{"count":0,"href":"https:\/\/zjarr.tv\/sq\/wp-json\/wp\/v2\/posts\/87400\/revisions"}],"wp:featuredmedia":[{"embeddable":true,"href":"https:\/\/zjarr.tv\/sq\/wp-json\/wp\/v2\/media\/87401"}],"wp:attachment":[{"href":"https:\/\/zjarr.tv\/sq\/wp-json\/wp\/v2\/media?parent=87400"}],"wp:term":[{"taxonomy":"category","embeddable":true,"href":"https:\/\/zjarr.tv\/sq\/wp-json\/wp\/v2\/categories?post=87400"},{"taxonomy":"post_tag","embeddable":true,"href":"https:\/\/zjarr.tv\/sq\/wp-json\/wp\/v2\/tags?post=87400"}],"curies":[{"name":"wp","href":"https:\/\/api.w.org\/{rel}","templated":true}]}}