{"id":87413,"date":"2019-06-02T19:43:23","date_gmt":"2019-06-02T17:43:23","guid":{"rendered":"https:\/\/zjarr.tv\/?p=87413"},"modified":"2019-06-02T19:43:23","modified_gmt":"2019-06-02T17:43:23","slug":"protesta-e-opozites-basha-nis-marshimin-drejt-kryeministrise","status":"publish","type":"post","link":"https:\/\/zjarr.tv\/sq\/protesta-e-opozites-basha-nis-marshimin-drejt-kryeministrise\/","title":{"rendered":"Protesta e Opozit\u00ebs, Basha nis marshimin drejt kryeministris\u00eb"},"content":{"rendered":"<p>Teksa mij\u00ebra qytetar\u00eb jan\u00eb mbledhur para selis\u00eb s\u00eb kryeministris\u00eb, lideri i opozit\u00ebs Lulzim Basha ka nisur marshimin nga selia e PD drejt bulevardit \u201cD\u00ebshmor\u00ebt e Kombit\u201d.<\/p>\n<p>Basha shoq\u00ebrohet nga mij\u00ebra protestues por edhe zyrtar\u00eb t\u00eb lart\u00eb t\u00eb Partis\u00eb Demokratike.<\/p>\n<p>&nbsp;<\/p>\n","protected":false},"excerpt":{"rendered":"<p>Teksa mij\u00ebra qytetar\u00eb jan\u00eb mbledhur para selis\u00eb s\u00eb kryeministris\u00eb, lideri i opozit\u00ebs Lulzim Basha ka nisur marshimin nga selia e PD drejt bulevardit \u201cD\u00ebshmor\u00ebt e Kombit\u201d. Basha shoq\u00ebrohet nga mij\u00ebra protestues por edhe zyrtar\u00eb t\u00eb lart\u00eb t\u00eb Partis\u00eb Demokratike. &nbsp;<\/p>\n","protected":false},"author":2013,"featured_media":87414,"comment_status":"open","ping_status":"closed","sticky":false,"template":"","format":"standard","meta":{"footnotes":""},"categories":[241,235],"tags":[],"class_list":{"0":"post-87413","1":"post","2":"type-post","3":"status-publish","4":"format-standard","5":"has-post-thumbnail","7":"category-aktualitet","8":"category-vendi"},"_links":{"self":[{"href":"https:\/\/zjarr.tv\/sq\/wp-json\/wp\/v2\/posts\/87413","targetHints":{"allow":["GET"]}}],"collection":[{"href":"https:\/\/zjarr.tv\/sq\/wp-json\/wp\/v2\/posts"}],"about":[{"href":"https:\/\/zjarr.tv\/sq\/wp-json\/wp\/v2\/types\/post"}],"author":[{"embeddable":true,"href":"https:\/\/zjarr.tv\/sq\/wp-json\/wp\/v2\/users\/2013"}],"replies":[{"embeddable":true,"href":"https:\/\/zjarr.tv\/sq\/wp-json\/wp\/v2\/comments?post=87413"}],"version-history":[{"count":0,"href":"https:\/\/zjarr.tv\/sq\/wp-json\/wp\/v2\/posts\/87413\/revisions"}],"wp:featuredmedia":[{"embeddable":true,"href":"https:\/\/zjarr.tv\/sq\/wp-json\/wp\/v2\/media\/87414"}],"wp:attachment":[{"href":"https:\/\/zjarr.tv\/sq\/wp-json\/wp\/v2\/media?parent=87413"}],"wp:term":[{"taxonomy":"category","embeddable":true,"href":"https:\/\/zjarr.tv\/sq\/wp-json\/wp\/v2\/categories?post=87413"},{"taxonomy":"post_tag","embeddable":true,"href":"https:\/\/zjarr.tv\/sq\/wp-json\/wp\/v2\/tags?post=87413"}],"curies":[{"name":"wp","href":"https:\/\/api.w.org\/{rel}","templated":true}]}}