{"id":87416,"date":"2019-06-02T19:44:35","date_gmt":"2019-06-02T17:44:35","guid":{"rendered":"https:\/\/zjarr.tv\/?p=87416"},"modified":"2019-06-02T19:44:35","modified_gmt":"2019-06-02T17:44:35","slug":"sahit-dollapi-kthehet-ne-krye-te-protestes-pas-dhunes-barbare-te-policise","status":"publish","type":"post","link":"https:\/\/zjarr.tv\/sq\/sahit-dollapi-kthehet-ne-krye-te-protestes-pas-dhunes-barbare-te-policise\/","title":{"rendered":"Sahit Dollapi kthehet n\u00eb krye t\u00eb protest\u00ebs pas dhun\u00ebs barbare t\u00eb Policis\u00eb"},"content":{"rendered":"<p>Vet\u00ebm nj\u00eb muaj nga dhuna barbare q\u00eb p\u00ebsoi nga Policia e Shtetit, Sekretari Organizativ i Partis\u00eb Demokratik, Sahit Dollapi i \u00ebsht\u00eb bashkjuar s\u00ebrish protest\u00ebs s\u00eb opozit\u00ebs n\u00eb shesh.<\/p>\n<p>Dollapi \u00ebsht\u00eb par\u00eb n\u00eb krye t\u00eb protestuesve duke i udh\u00ebhequr ata drejt kryeministris\u00eb aty ku pas pak do t\u00eb mbahet protesta e radh\u00ebs e Opozt\u00ebs<\/p>\n<p>Nd\u00ebrkoh\u00eb q\u00eb pas pak protest\u00ebs pritet t\u2019i bashkohet edhe kryetari i PD-s\u00eb, Lulzim Basha si dhe kryetarja e LSI, Monika Kryemadhi, nd\u00ebrsa n\u00eb Bulevard me mij\u00ebra qytetar\u00eb i jan\u00eb p\u00ebrgjigjur thirrjes s\u00eb opozit\u00ebs p\u00ebr t\u00eb marr\u00eb pjes\u00eb n\u00eb protest\u00eb.<\/p>\n<p>&nbsp;<\/p>\n","protected":false},"excerpt":{"rendered":"<p>Vet\u00ebm nj\u00eb muaj nga dhuna barbare q\u00eb p\u00ebsoi nga Policia e Shtetit, Sekretari Organizativ i Partis\u00eb Demokratik, Sahit Dollapi i \u00ebsht\u00eb bashkjuar s\u00ebrish protest\u00ebs s\u00eb opozit\u00ebs n\u00eb shesh. Dollapi \u00ebsht\u00eb par\u00eb n\u00eb krye t\u00eb protestuesve duke i udh\u00ebhequr ata drejt kryeministris\u00eb aty ku pas pak do t\u00eb mbahet protesta e radh\u00ebs e Opozt\u00ebs Nd\u00ebrkoh\u00eb q\u00eb [&hellip;]<\/p>\n","protected":false},"author":2013,"featured_media":83588,"comment_status":"open","ping_status":"closed","sticky":false,"template":"","format":"standard","meta":{"footnotes":""},"categories":[241,235],"tags":[],"class_list":{"0":"post-87416","1":"post","2":"type-post","3":"status-publish","4":"format-standard","5":"has-post-thumbnail","7":"category-aktualitet","8":"category-vendi"},"_links":{"self":[{"href":"https:\/\/zjarr.tv\/sq\/wp-json\/wp\/v2\/posts\/87416","targetHints":{"allow":["GET"]}}],"collection":[{"href":"https:\/\/zjarr.tv\/sq\/wp-json\/wp\/v2\/posts"}],"about":[{"href":"https:\/\/zjarr.tv\/sq\/wp-json\/wp\/v2\/types\/post"}],"author":[{"embeddable":true,"href":"https:\/\/zjarr.tv\/sq\/wp-json\/wp\/v2\/users\/2013"}],"replies":[{"embeddable":true,"href":"https:\/\/zjarr.tv\/sq\/wp-json\/wp\/v2\/comments?post=87416"}],"version-history":[{"count":0,"href":"https:\/\/zjarr.tv\/sq\/wp-json\/wp\/v2\/posts\/87416\/revisions"}],"wp:featuredmedia":[{"embeddable":true,"href":"https:\/\/zjarr.tv\/sq\/wp-json\/wp\/v2\/media\/83588"}],"wp:attachment":[{"href":"https:\/\/zjarr.tv\/sq\/wp-json\/wp\/v2\/media?parent=87416"}],"wp:term":[{"taxonomy":"category","embeddable":true,"href":"https:\/\/zjarr.tv\/sq\/wp-json\/wp\/v2\/categories?post=87416"},{"taxonomy":"post_tag","embeddable":true,"href":"https:\/\/zjarr.tv\/sq\/wp-json\/wp\/v2\/tags?post=87416"}],"curies":[{"name":"wp","href":"https:\/\/api.w.org\/{rel}","templated":true}]}}