{"id":87427,"date":"2019-06-03T11:44:37","date_gmt":"2019-06-03T09:44:37","guid":{"rendered":"https:\/\/zjarr.tv\/?p=87427"},"modified":"2019-06-03T11:51:26","modified_gmt":"2019-06-03T09:51:26","slug":"prokuroria-kerkon-burg-balliu-nuk-trembem-asnje-hap-pas","status":"publish","type":"post","link":"https:\/\/zjarr.tv\/sq\/prokuroria-kerkon-burg-balliu-nuk-trembem-asnje-hap-pas\/","title":{"rendered":"Prokuroria k\u00ebrkon burg, Balliu: Nuk trembem, asnj\u00eb hap pas"},"content":{"rendered":"<p>Ish-deputeti i Partis\u00eb Demokratike, Klevis Balliu ka shkuar sot n\u00eb Gjykat\u00ebn e Apelit p\u00ebr tu njohur me vendimin e saj, pas protest\u00ebs me banor\u00ebt e Unaz\u00ebs, por seanca u shty.<\/p>\n<p>Ndon\u00ebse prokuroria k\u00ebrkon arrestimin e tij, Balliu tha se nuk i trembet k\u00ebtij gjyqi politik.<\/p>\n<p>\u201cSeanca u shty, erdh\u00ebm t\u00eb merrnin vendimin p\u00ebr nj\u00eb arrestim politik ndaj meje dhe disa banor\u00ebbve t\u00eb Unaz\u00ebs. Kjo \u00ebsht\u00eb thjesht nj\u00eb \u00e7\u00ebshtej politike p\u00ebr t\u00eb trembur qytetar\u00ebt dhe opozit\u00ebn q\u00eb t\u00eb mos dal\u00eb n\u00eb protest\u00eb. K\u00ebto jan\u00eb p\u00ebrpjekje mjerane. Ne vijm\u00eb po shteti nuk funksionon, kjo \u00ebsht\u00eb arsyeja pse qytetar\u00ebt ndodhen n\u00eb burgje, kurse bandit\u00ebt jan\u00eb t\u00eb lir\u00eb.Del Sand\u00ebr kimiku dhe b\u00ebn filma, thot\u00eb jan\u00eb d\u00ebmtuar polic\u00ebt, po s\u2019ka asnj\u00eb polic t\u00eb plagosur, ve\u00e7 qytetar\u00eb t\u00eb gjakosur. Pavar\u00ebsisht k\u00ebtyre nuk ka asgj\u00eb q\u00eb m\u00eb ndalon mua t\u00eb jem edhe sot n\u00eb 7 e 30 tek Unaza, n\u00eb krah\u00eb t\u00eb banor\u00ebve\u201d,- tha ish-deputeti.<\/p>\n<p>Po ashtu edhe avokati i tij mbrojt\u00ebs, Genc Gjokutaj u shpreh se prokuroria nuk ka asnj\u00eb prov\u00eb p\u00ebr t\u00eb k\u00ebrkuar k\u00ebt\u00eb mas\u00eb ndaj Balliut.<\/p>\n<p>\u201c\u00cbsht\u00eb i paligjsh\u00ebm si arrestimi ashtu edhe procesi, plus edhe masat q\u00eb i bashk\u00ebngjiten. Ne presim dit\u00ebn e m\u00ebrkur\u00eb t\u00eb jepet vendimi\u201d,- tha ai<\/p>\n<p>Klevis Balliu u arrestua m\u00eb 7 Maj nga policia e Tiran\u00ebs s\u00eb bashku me 3 persona t\u00eb tjer\u00eb, pasi ishte n\u00eb mb\u00ebshtetje t\u00eb banor\u00ebve t\u00eb Unaz\u00ebs s\u00eb Re, t\u00eb cil\u00ebt kishin dal\u00eb p\u00ebr t\u00eb protestuar kund\u00ebr kryeministrit Edi Rama q\u00eb do t\u00eb vizitonte nj\u00eb biznes n\u00eb zone.<\/p>\n<p>Ish-deputeti demokrat u p\u00ebrplas gjat\u00eb protest\u00ebs me efektiv\u00ebt blu, kur k\u00ebta t\u00eb fundit filluan t\u00eb shoq\u00ebronin banor\u00ebt q\u00eb kishin bllokuar rrug\u00ebn. Balliu u shoq\u00ebrua me furgonin e policis\u00eb p\u00ebr t\u2019u d\u00ebrguar n\u00eb Komisariatin nr. 6 dhe m\u00eb pas n\u00eb drejtorin\u00eb e policis\u00eb s\u00eb Tiran\u00ebs ku iu komunikua arrestimi.<\/p>\n<p>Gjykata e Tiran\u00ebs dha p\u00ebr t\u00eb mas\u00ebn \u201cdetyrim paraqitje\u201d p\u00ebr akuzat: \u201cKund\u00ebrshtim me dhun\u00eb t\u00eb punonj\u00ebsve t\u00eb policis\u00eb\u201d, \u201cprishje e qet\u00ebsis\u00eb publike\u201d dhe \u201cpengim i qarkullimit t\u00eb mjeteve t\u00eb transportit\u201d, t\u00eb cilat Balliu nuk i ka pranuar. Nd\u00ebrsa beteja \u00ebsht\u00eb zhvendosur tek Gjykata e Apelit.<\/p>\n","protected":false},"excerpt":{"rendered":"<p>Ish-deputeti i Partis\u00eb Demokratike, Klevis Balliu ka shkuar sot n\u00eb Gjykat\u00ebn e Apelit p\u00ebr tu njohur me vendimin e saj, pas protest\u00ebs me banor\u00ebt e Unaz\u00ebs, por seanca u shty. Ndon\u00ebse prokuroria k\u00ebrkon arrestimin e tij, Balliu tha se nuk i trembet k\u00ebtij gjyqi politik. \u201cSeanca u shty, erdh\u00ebm t\u00eb merrnin vendimin p\u00ebr nj\u00eb arrestim [&hellip;]<\/p>\n","protected":false},"author":4,"featured_media":87433,"comment_status":"open","ping_status":"closed","sticky":false,"template":"","format":"standard","meta":{"footnotes":""},"categories":[241,231,235],"tags":[],"class_list":{"0":"post-87427","1":"post","2":"type-post","3":"status-publish","4":"format-standard","5":"has-post-thumbnail","7":"category-aktualitet","8":"category-lajme","9":"category-vendi"},"_links":{"self":[{"href":"https:\/\/zjarr.tv\/sq\/wp-json\/wp\/v2\/posts\/87427","targetHints":{"allow":["GET"]}}],"collection":[{"href":"https:\/\/zjarr.tv\/sq\/wp-json\/wp\/v2\/posts"}],"about":[{"href":"https:\/\/zjarr.tv\/sq\/wp-json\/wp\/v2\/types\/post"}],"author":[{"embeddable":true,"href":"https:\/\/zjarr.tv\/sq\/wp-json\/wp\/v2\/users\/4"}],"replies":[{"embeddable":true,"href":"https:\/\/zjarr.tv\/sq\/wp-json\/wp\/v2\/comments?post=87427"}],"version-history":[{"count":0,"href":"https:\/\/zjarr.tv\/sq\/wp-json\/wp\/v2\/posts\/87427\/revisions"}],"wp:featuredmedia":[{"embeddable":true,"href":"https:\/\/zjarr.tv\/sq\/wp-json\/wp\/v2\/media\/87433"}],"wp:attachment":[{"href":"https:\/\/zjarr.tv\/sq\/wp-json\/wp\/v2\/media?parent=87427"}],"wp:term":[{"taxonomy":"category","embeddable":true,"href":"https:\/\/zjarr.tv\/sq\/wp-json\/wp\/v2\/categories?post=87427"},{"taxonomy":"post_tag","embeddable":true,"href":"https:\/\/zjarr.tv\/sq\/wp-json\/wp\/v2\/tags?post=87427"}],"curies":[{"name":"wp","href":"https:\/\/api.w.org\/{rel}","templated":true}]}}