{"id":87437,"date":"2019-06-03T11:57:07","date_gmt":"2019-06-03T09:57:07","guid":{"rendered":"https:\/\/zjarr.tv\/?p=87437"},"modified":"2019-06-03T11:57:07","modified_gmt":"2019-06-03T09:57:07","slug":"i-pafytyre-silleni-si-serbe-debati-lleshaj-spahia","status":"publish","type":"post","link":"https:\/\/zjarr.tv\/sq\/i-pafytyre-silleni-si-serbe-debati-lleshaj-spahia\/","title":{"rendered":"\u201cI pafytyr\u00eb\u201d, \u201csilleni si serb\u00eb\u201d\/Debati Lleshaj-Spahia"},"content":{"rendered":"<p style=\"line-height: 24.0pt;margin: 0in 0in 22.5pt 0in\"><span style=\"color: #18191a\">Pas protest\u00ebs s\u00eb djeshme t\u00eb opozit\u00ebs, tension pati edhe te Trauma, aty ku ministri i Brendsh\u00ebm, Sand\u00ebr Lleshaj shkoi t\u00eb takonte polic\u00ebt e d\u00ebmtuar. N\u00eb korridoret e spitalit ministri i u p\u00ebrplas me ish-deputetin e PD-s\u00eb, Bardh Spahin\u00eb, i cili e akuzoi at\u00eb se po sillet me shqiptar\u00ebt m\u00eb keq se sa serb\u00ebt.<\/span><\/p>\n<p style=\"line-height: 24.0pt;margin: 0in 0in 22.5pt 0in\"><span style=\"color: #18191a\">Sipas Spahis\u00eb, \u00ebsht\u00eb e papranueshme q\u00eb polic\u00ebt dalin n\u00eb protest\u00eb t\u00eb pambrojtur. Ky i fundit hodhi akuza ndaj ministrit, nd\u00ebrsa Lleshaj nuk nguroi t\u2019i kthehej duke e quajtur t\u00eb pafytyr\u00eb.<\/span><\/p>\n<p style=\"line-height: 24.0pt;margin: 0in 0in 22.5pt 0in\"><strong><span style=\"color: #18191a\">DEBATI N\u00cb KORRIDORIN E SPITALIT<\/span><\/strong><\/p>\n<p style=\"margin: 0in;margin-bottom: .0001pt;line-height: 24.0pt;text-align: start\"><strong><span style=\"color: #18191a\">Spahia:<\/span><\/strong><span style=\"color: #18191a\">\u00a0Vjen n\u00eb spital me nj\u00eb tabor\u2026<\/span><\/p>\n<p style=\"margin: 0in;margin-bottom: .0001pt;line-height: 24.0pt;text-align: start\"><strong><span style=\"color: #18191a\">Lleshaj:<\/span><\/strong><span style=\"color: #18191a\">\u00a0Me \u00e7far\u00eb statusi jeni ju k\u00ebtu?<\/span><\/p>\n<p style=\"margin: 0in;margin-bottom: .0001pt;line-height: 24.0pt;text-align: start\"><strong><span style=\"color: #18191a\">Spahia:<\/span><\/strong><span style=\"color: #18191a\">\u00a0Jemi me statusin e p\u00ebrfaq\u00ebsuesve t\u00eb opozit\u00ebs, t\u00eb v\u00ebrtet\u00ebs jo t\u00eb atyre q\u00eb keni b\u00ebr\u00eb ju\u2026<\/span><\/p>\n<p style=\"margin: 0in;margin-bottom: .0001pt;line-height: 24.0pt;text-align: start\"><strong><span style=\"color: #18191a\">Lleshaj:<\/span><\/strong><span style=\"color: #18191a\">\u00a0Se kuptoj se \u00e7far\u00eb statusi keni ju<\/span><\/p>\n<p style=\"margin: 0in;margin-bottom: .0001pt;line-height: 24.0pt;text-align: start\"><strong><span style=\"color: #18191a\">Spahia:<\/span><\/strong><span style=\"color: #18191a\">\u00a0Kur u bane ti minist\u00ebr, imagjino \u00e7far\u00eb statusi duhet\u2026me mua flet ti ashtu? T\u00eb shkon mendja? Mbaj p\u00ebrgjegj\u00ebsi aty p\u00ebr d\u00ebmtimet e polic\u00ebve dhe qytetar\u00ebve<\/span><\/p>\n<p style=\"margin: 0in;margin-bottom: .0001pt;line-height: 24.0pt;text-align: start\"><strong><span style=\"color: #18191a\">Lleshaj ik\u00ebn drejt dhomave<\/span><\/strong><\/p>\n<p style=\"margin: 0in;margin-bottom: .0001pt;line-height: 24.0pt;text-align: start\"><strong><span style=\"color: #18191a\">Vazhdon Bardhi:<\/span><\/strong><span style=\"color: #18191a\">\u00a0T\u00eb p\u00ebrcjellin avokat\u00ebt e tu\u2026 e keni t\u00eb af\u00ebrt fundin. \u00c7far\u00eb \u00ebsht\u00eb kjo, edhe serb\u00ebt nuk sillen k\u00ebshtu, shikoni \u00e7far\u00eb i keni b\u00ebr\u00eb qytetar\u00ebve, shko vizitoji, shko vizitoji\u2026<\/span><\/p>\n<p style=\"margin: 0in;margin-bottom: .0001pt;line-height: 24.0pt;text-align: start\"><strong><span style=\"color: #18191a\">Lleshaj kthehet s\u00ebrish<\/span><\/strong><span style=\"color: #18191a\">: Kush iu ka b\u00ebr\u00eb qytetar\u00ebve?! Un\u00eb iu jap dor\u00ebn edhe qytetar\u00ebve edhe polic\u00ebve mor i pafytyr\u00eb!<\/span><\/p>\n<p style=\"margin: 0in;margin-bottom: .0001pt;line-height: 24.0pt;text-align: start\"><strong><span style=\"color: #18191a\">DEBATI NE DEREN E NJE PREJ DHOMAVE KU JANE SHTRUAR POLICET<\/span><\/strong><\/p>\n<p style=\"margin: 0in;margin-bottom: .0001pt;line-height: 24.0pt;text-align: start\"><em><span style=\"color: #18191a\">Lleshaj shkon t\u00eb vizitoj\u00eb polic\u00ebt, Bardhin nuk e lejojn\u00eb t\u00eb hyj\u00eb n\u00eb dhom\u00eb\u2026<\/span><\/em><\/p>\n<p style=\"margin: 0in;margin-bottom: .0001pt;line-height: 24.0pt;text-align: start\"><strong><span style=\"color: #18191a\">Spahia:<\/span><\/strong><span style=\"color: #18191a\">\u00a0P\u00ebr fajin tuaj polic\u00ebt b\u00ebhen ashtu. S\u2019t\u00eb vjen turp i nxjerr pa mbrojte dhe tani b\u00ebn sikur prekesh<\/span><\/p>\n<p style=\"margin: 0in;margin-bottom: .0001pt;line-height: 24.0pt;text-align: start\"><strong><span style=\"color: #18191a\">Lleshaj:<\/span><\/strong><span style=\"color: #18191a\">\u00a0Hajde ndihmoji\u2026<\/span><\/p>\n<p style=\"margin: 0in;margin-bottom: .0001pt;line-height: 24.0pt;text-align: start\"><strong><span style=\"color: #18191a\">Spahia:<\/span><\/strong><span style=\"color: #18191a\">\u00a0S\u2019t\u00eb vjen turp, duhet t\u00eb dalin t\u00eb mbrojtur k\u00ebto para turmave, vjen tani e b\u00ebn sho\u00eb k\u00ebtu. Shko shifi plag\u00ebt e njer\u00ebzve e ke mbushur spitalin em polici\u00eb<\/span><\/p>\n<p style=\"margin: 0in;margin-bottom: .0001pt;line-height: 24.0pt;text-align: start\"><strong><span style=\"color: #18191a\">DEBATI PASI DEL LLESHAJ NGA SPITALI<\/span><\/strong><\/p>\n<p style=\"margin: 0in;margin-bottom: .0001pt;line-height: 24.0pt;text-align: start\"><strong><span style=\"color: #18191a\">Spahia:<\/span><\/strong><span style=\"color: #18191a\">\u00a0Ministri ka mbushur spitalin me civila dhe largon me forc\u00eb mjek\u00ebt, ish-deputet\u00eb t\u00eb opozit\u00ebs. Ky \u00ebsht\u00eb pushteti sot, dit\u00ebt i kan\u00eb t\u00eb num\u00ebruara<\/span><\/p>\n<p style=\"line-height: 24.0pt;text-align: start;margin: 0in 0in 22.5pt 0in\"><span style=\"color: #18191a\">Lleshaj flet p\u00ebr mediat nd\u00ebrkoh\u00eb q\u00eb bardhi akuzon pas shpin\u00ebs s\u00eb tij.<\/span><\/p>\n","protected":false},"excerpt":{"rendered":"<p>Pas protest\u00ebs s\u00eb djeshme t\u00eb opozit\u00ebs, tension pati edhe te Trauma, aty ku ministri i Brendsh\u00ebm, Sand\u00ebr Lleshaj shkoi t\u00eb takonte polic\u00ebt e d\u00ebmtuar. N\u00eb korridoret e spitalit ministri i u p\u00ebrplas me ish-deputetin e PD-s\u00eb, Bardh Spahin\u00eb, i cili e akuzoi at\u00eb se po sillet me shqiptar\u00ebt m\u00eb keq se sa serb\u00ebt. Sipas Spahis\u00eb, [&hellip;]<\/p>\n","protected":false},"author":4,"featured_media":87438,"comment_status":"open","ping_status":"closed","sticky":false,"template":"","format":"standard","meta":{"footnotes":""},"categories":[241,231,235],"tags":[],"class_list":{"0":"post-87437","1":"post","2":"type-post","3":"status-publish","4":"format-standard","5":"has-post-thumbnail","7":"category-aktualitet","8":"category-lajme","9":"category-vendi"},"_links":{"self":[{"href":"https:\/\/zjarr.tv\/sq\/wp-json\/wp\/v2\/posts\/87437","targetHints":{"allow":["GET"]}}],"collection":[{"href":"https:\/\/zjarr.tv\/sq\/wp-json\/wp\/v2\/posts"}],"about":[{"href":"https:\/\/zjarr.tv\/sq\/wp-json\/wp\/v2\/types\/post"}],"author":[{"embeddable":true,"href":"https:\/\/zjarr.tv\/sq\/wp-json\/wp\/v2\/users\/4"}],"replies":[{"embeddable":true,"href":"https:\/\/zjarr.tv\/sq\/wp-json\/wp\/v2\/comments?post=87437"}],"version-history":[{"count":0,"href":"https:\/\/zjarr.tv\/sq\/wp-json\/wp\/v2\/posts\/87437\/revisions"}],"wp:featuredmedia":[{"embeddable":true,"href":"https:\/\/zjarr.tv\/sq\/wp-json\/wp\/v2\/media\/87438"}],"wp:attachment":[{"href":"https:\/\/zjarr.tv\/sq\/wp-json\/wp\/v2\/media?parent=87437"}],"wp:term":[{"taxonomy":"category","embeddable":true,"href":"https:\/\/zjarr.tv\/sq\/wp-json\/wp\/v2\/categories?post=87437"},{"taxonomy":"post_tag","embeddable":true,"href":"https:\/\/zjarr.tv\/sq\/wp-json\/wp\/v2\/tags?post=87437"}],"curies":[{"name":"wp","href":"https:\/\/api.w.org\/{rel}","templated":true}]}}