{"id":87446,"date":"2019-06-03T12:45:37","date_gmt":"2019-06-03T10:45:37","guid":{"rendered":"https:\/\/zjarr.tv\/?p=87446"},"modified":"2019-06-03T12:45:37","modified_gmt":"2019-06-03T10:45:37","slug":"protesta-42-ne-prangapoliciagoditen-efektivet-me-mjete-te-forta","status":"publish","type":"post","link":"https:\/\/zjarr.tv\/sq\/protesta-42-ne-prangapoliciagoditen-efektivet-me-mjete-te-forta\/","title":{"rendered":"Protesta 42 n\u00eb pranga,Policia:Godit\u00ebn efektiv\u00ebt me mjete t\u00eb forta"},"content":{"rendered":"<p style=\"line-height: 24.0pt;margin: 0in 0in 22.5pt 0in\"><span style=\"color: #18191a\">Policia e Shtetit p\u00ebrmes nj\u00eb deklarate p\u00ebr media ka b\u00ebr\u00eb bilancin e arrestimeve, procedimeve dhe shoq\u00ebrimeve.<\/span><\/p>\n<p style=\"line-height: 24.0pt;text-align: start;margin: 0in 0in 22.5pt 0in\"><span style=\"color: #18191a\">Uniformat blu thon\u00eb se kan\u00eb arrestuar 42 persona, pasi ata kan\u00eb goditur me mjete t\u00eb forta efektiv\u00ebt e policis\u00eb. Policia b\u00ebn me dije se ka proceduar n\u00eb gjendje t\u00eb lir\u00eb 17 t\u00eb tjer\u00eb.<\/span><\/p>\n<p style=\"line-height: 24.0pt;text-align: start;margin: 0in 0in 22.5pt 0in\"><span style=\"color: #18191a\">\u00a0\u201cJan\u00eb arrestuar gjithsej 42 persona dhe 17 t\u00eb tjer\u00eb jan\u00eb proceduar n\u00eb gjendje t\u00eb lir\u00eb. Protestuesit kan\u00eb goditur me sende t\u00eb forta efektiv\u00ebt\u201d, tha policia n\u00eb komunikat\u00eb.<\/span><\/p>\n<p style=\"margin: 0in;margin-bottom: .0001pt;line-height: 24.0pt;text-align: start\"><strong><span style=\"color: #18191a\">Njoftimi i plot\u00eb i policis\u00eb:<\/span><\/strong><\/p>\n<p style=\"line-height: 24.0pt;text-align: start;margin: 0in 0in 22.5pt 0in\"><span style=\"color: #18191a\">Tiran\u00eb \u2013 60 t\u00eb proceduar p\u00ebr aktet e dhun\u00ebs ndaj punonj\u00ebsve t\u00eb Policis\u00eb dhe institucioneve shtet\u00ebrore n\u00eb protest\u00ebn e djeshme t\u00eb opozit\u00ebs, nd\u00ebr ta 42 t\u00eb arrestuar<\/span><\/p>\n<p style=\"line-height: 24.0pt;text-align: start;margin: 0in 0in 22.5pt 0in\"><span style=\"color: #18191a\">N\u00eb dat\u00eb 2 Qershor 2019, duke nisur nga ora 19:00 subjektet politike Partia Demokratike dhe L\u00ebvizja Socialiste p\u00ebr Integrim kan\u00eb zhvilluar tubim n\u00eb Bulevardin\u201d D\u00ebshmor\u00ebt e Kombit\u201d para Kryeministris\u00eb e vijuan n\u00eb rrug\u00ebn \u201cGeorge W. Bush\u201d, p\u00ebrball\u00eb institucionit t\u00eb Parlamentit t\u00eb Shqip\u00ebris\u00eb.<\/span><\/p>\n<p style=\"margin: 0in;margin-bottom: .0001pt;line-height: 24.0pt;text-align: start\"><span style=\"color: #18191a\">Gjat\u00eb protest\u00ebs n\u00eb rrug\u00ebn \u201cGe<span class=\"textexposedshow\"><span>orge W. Bush\u201d pjes\u00ebmarr\u00ebsit n\u00eb tubim kan\u00eb kund\u00ebrshtuar, goditur me mjete t\u00eb forta, fishekzjarr\u00eb, tymuese dhe kapsolla me fuqi t\u00eb lart\u00eb shp\u00ebrthimi punonj\u00ebsit e Policis\u00eb, t\u00eb planizuar me sh\u00ebrbim para Kryeministris\u00eb dhe selis\u00eb s\u00eb Parlamentit t\u00eb Shqip\u00ebris\u00eb.<\/span><\/span><\/span><\/p>\n<p style=\"line-height: 24.0pt;margin: 0in 0in 22.5pt 0in\"><span style=\"color: #18191a\">Nga goditjet, kund\u00ebrshtimet dhe p\u00ebrdorimi i l\u00ebnd\u00ebve piroteknike, sendeve t\u00eb forta, kapsollave e fishekzjarr\u00ebve kan\u00eb mbetur t\u00eb plagosur 10 punonj\u00ebs t\u00eb Policis\u00eb, t\u00eb cil\u00ebt mor\u00ebn ndihm\u00ebn n\u00eb spitalin e Traum\u00ebs.<\/span><\/p>\n<p style=\"line-height: 24.0pt;margin: 0in 0in 22.5pt 0in\"><span style=\"color: #18191a\">Si pasoj\u00eb e p\u00ebrdorimit t\u00eb l\u00ebnd\u00ebve piroteknike, fishekzjarr\u00ebve, kapsollave e sendeve t\u00eb tjera jan\u00eb shkaktuar d\u00ebme t\u00eb konsiderueshme n\u00eb godin\u00ebn e Kryeministris\u00eb dhe selis\u00eb s\u00eb Parlamentit.<\/span><\/p>\n<p style=\"line-height: 24.0pt;margin: 0in 0in 22.5pt 0in\"><span style=\"color: #18191a\">Bazuar n\u00eb prova, pamje filmike, raporte sh\u00ebrbimi u arrestuan n\u00eb flagranc\u00eb 42 persona, si dhe jan\u00eb proceduar n\u00eb gjendje t\u00eb lir\u00eb 17 persona t\u00eb tjet\u00eb p\u00ebr kryerjen e veprave penale \u201cOrganizimi dhe pjesmarrja n\u00eb grumbullime e manifestime t\u00eb paligjshme\u201d, \u201cKund\u00ebrshtimi i punonj\u00ebsit t\u00eb policis\u00eb s\u00eb rendit publik\u201d, \u201cGoditje p\u00ebr shkak t\u00eb detyr\u00ebs\u201d, \u201cPrishja e qet\u00ebsis\u00eb publike\u201d, \u201dShkelja e rregullave mbi l\u00ebnd\u00ebt plas\u00ebse, djeg\u00ebse dhe radioaktive\u201d.<\/span><\/p>\n<p style=\"line-height: 24.0pt;margin: 0in 0in 22.5pt 0in\"><span style=\"color: #18191a\">Gjithashtu \u00ebsht\u00eb proceduar n\u00eb gjendje t\u00eb lir\u00eb p\u00ebr vepr\u00ebn penale \u201cOrganizimi dhe pjes\u00ebmarrja n\u00eb grumbullime e manifestime t\u00eb paligjshme\u201d shtetasi G.B.<\/span><\/p>\n<p style=\"line-height: 24.0pt;margin: 0in 0in 22.5pt 0in\"><span style=\"color: #18191a\">Vijon puna p\u00ebr identifikimin e persona t\u00eb tjer\u00eb t\u00eb dyshuar p\u00ebr kryerjen e veprimeve t\u00eb kundraligjshme n\u00eb k\u00ebt\u00eb protest\u00eb t\u00eb dhunshme. Materialet iu d\u00ebrguan Prokuroris\u00eb s\u00eb Rrethit Gjyq\u00ebsor Tiran\u00eb.<\/span><\/p>\n","protected":false},"excerpt":{"rendered":"<p>Policia e Shtetit p\u00ebrmes nj\u00eb deklarate p\u00ebr media ka b\u00ebr\u00eb bilancin e arrestimeve, procedimeve dhe shoq\u00ebrimeve. Uniformat blu thon\u00eb se kan\u00eb arrestuar 42 persona, pasi ata kan\u00eb goditur me mjete t\u00eb forta efektiv\u00ebt e policis\u00eb. Policia b\u00ebn me dije se ka proceduar n\u00eb gjendje t\u00eb lir\u00eb 17 t\u00eb tjer\u00eb. \u00a0\u201cJan\u00eb arrestuar gjithsej 42 persona dhe [&hellip;]<\/p>\n","protected":false},"author":4,"featured_media":87447,"comment_status":"open","ping_status":"closed","sticky":false,"template":"","format":"standard","meta":{"footnotes":""},"categories":[241,231,235],"tags":[],"class_list":{"0":"post-87446","1":"post","2":"type-post","3":"status-publish","4":"format-standard","5":"has-post-thumbnail","7":"category-aktualitet","8":"category-lajme","9":"category-vendi"},"_links":{"self":[{"href":"https:\/\/zjarr.tv\/sq\/wp-json\/wp\/v2\/posts\/87446","targetHints":{"allow":["GET"]}}],"collection":[{"href":"https:\/\/zjarr.tv\/sq\/wp-json\/wp\/v2\/posts"}],"about":[{"href":"https:\/\/zjarr.tv\/sq\/wp-json\/wp\/v2\/types\/post"}],"author":[{"embeddable":true,"href":"https:\/\/zjarr.tv\/sq\/wp-json\/wp\/v2\/users\/4"}],"replies":[{"embeddable":true,"href":"https:\/\/zjarr.tv\/sq\/wp-json\/wp\/v2\/comments?post=87446"}],"version-history":[{"count":0,"href":"https:\/\/zjarr.tv\/sq\/wp-json\/wp\/v2\/posts\/87446\/revisions"}],"wp:featuredmedia":[{"embeddable":true,"href":"https:\/\/zjarr.tv\/sq\/wp-json\/wp\/v2\/media\/87447"}],"wp:attachment":[{"href":"https:\/\/zjarr.tv\/sq\/wp-json\/wp\/v2\/media?parent=87446"}],"wp:term":[{"taxonomy":"category","embeddable":true,"href":"https:\/\/zjarr.tv\/sq\/wp-json\/wp\/v2\/categories?post=87446"},{"taxonomy":"post_tag","embeddable":true,"href":"https:\/\/zjarr.tv\/sq\/wp-json\/wp\/v2\/tags?post=87446"}],"curies":[{"name":"wp","href":"https:\/\/api.w.org\/{rel}","templated":true}]}}