{"id":87449,"date":"2019-06-03T13:00:58","date_gmt":"2019-06-03T11:00:58","guid":{"rendered":"https:\/\/zjarr.tv\/?p=87449"},"modified":"2019-06-03T13:00:58","modified_gmt":"2019-06-03T11:00:58","slug":"alibeaj-rama-dhunues-i-policise-i-ktheu-ne-argate-te-droges","status":"publish","type":"post","link":"https:\/\/zjarr.tv\/sq\/alibeaj-rama-dhunues-i-policise-i-ktheu-ne-argate-te-droges\/","title":{"rendered":"Alibeaj: Rama dhunues i policis\u00eb, i ktheu n\u00eb argat\u00eb t\u00eb drog\u00ebs"},"content":{"rendered":"<p style=\"line-height: 24.0pt;margin: 0in 0in 22.5pt 0in\"><span style=\"font-size: 15.0pt;color: #18191a\">Ish deputeti i PD-s\u00eb, Enkelejd Alibeaj ka reaguar p\u00ebrmes nj\u00eb statusi n\u00eb facebook menj\u00ebher\u00eb pas deklarat\u00ebs s\u00eb policis\u00eb p\u00ebr arrestimet e protestuesve. Alibeaj shkruan se nuk ka njeri n\u00eb Shqip\u00ebri q\u00eb i ka dhunuar m\u00eb shum\u00eb polic\u00ebt sesa Edi Rama duke i kthyer ata n\u00eb sh\u00ebrbim t\u00eb krimit.<\/span><\/p>\n<p style=\"line-height: 24.0pt;margin: 0in 0in 22.5pt 0in\"><span style=\"font-size: 15.0pt;color: #18191a\">\u201cNuk ka njeri n\u00eb Shqip\u00ebri qe i ka dhunuar m\u00eb shum\u00eb polic\u00ebt sesa Edi Rama duke i kthyer ata n\u00eb sh\u00ebrbim t\u00eb krimit, roje dhe punonj\u00ebs ngarkim shkarkimi t\u00eb hashashit, heroin\u00ebs dhe kokain\u00ebs.<\/span><\/p>\n<p style=\"line-height: 24.0pt;margin: 0in 0in 22.5pt 0in\"><span style=\"font-size: 15.0pt;color: #18191a\">Policia q\u00eb drejtohet nga t\u00eb inkriminuar do t\u00eb clirohet bashke me gjithe popullin nga zgjedha e krimit dhe te korruptuarit.\u201d \u2013shkruan Alibeaj nd\u00ebrsa shton se policia \u00ebsht\u00eb e popullit dhe jo kund\u00ebr tij.<\/span><\/p>\n<p style=\"line-height: 24.0pt;margin: 0in 0in 22.5pt 0in\"><span style=\"font-size: 15.0pt;color: #18191a\">\u201cPolicia \u00ebsht\u00eb e popullit dhe jo kund\u00ebr popullit, qeveria \u00ebsht\u00eb e krimit kund\u00ebr policis\u00eb dhe popullit t\u00eb saj. Populli \u00ebsht\u00eb n\u00eb k\u00ebmb\u00eb p\u00ebr t\u2019i kthyer dinjitetin dhe policis\u00eb s\u00eb shtetit, prandaj ne jemi me ta n\u00eb krah dhe mbrojtje t\u00eb tyre.<\/span><\/p>\n<p style=\"line-height: 24.0pt;margin: 0in 0in 22.5pt 0in\"><span style=\"font-size: 15.0pt;color: #18191a\">Ndryshe nga kjo qeveri q\u00eb, kur ishte n\u00eb opozit\u00eb, dhunonte policin\u00eb, Lulzim Basha dhe PD n\u00eb \u00e7do protest\u00eb kan\u00eb qen\u00eb n\u00eb mbrojtje t\u00eb polic\u00ebve me thirrje t\u00eb hapura dhe me veprime konkrete, edhe pse protestuesit jan\u00eb dhunuar dhe provokuar vazhdimisht nga polic\u00eb t\u00eb infiltruar civil\u00eb prej shefat e tyre t\u00eb inkriminuar.\u201d- p\u00ebrfundon reagimin e tij ish-deputeti demokrat, nd\u00ebrsa poston edhe videon nga fjalimi i kryedemokratit Lulzim Basha nj\u00eb dit\u00eb m\u00eb par\u00eb, ku i k\u00ebrkon protestuesve t\u00eb mos prekin me dor\u00eb punonj\u00ebsit e policis\u00eb.<\/span><\/p>\n","protected":false},"excerpt":{"rendered":"<p>Ish deputeti i PD-s\u00eb, Enkelejd Alibeaj ka reaguar p\u00ebrmes nj\u00eb statusi n\u00eb facebook menj\u00ebher\u00eb pas deklarat\u00ebs s\u00eb policis\u00eb p\u00ebr arrestimet e protestuesve. Alibeaj shkruan se nuk ka njeri n\u00eb Shqip\u00ebri q\u00eb i ka dhunuar m\u00eb shum\u00eb polic\u00ebt sesa Edi Rama duke i kthyer ata n\u00eb sh\u00ebrbim t\u00eb krimit. \u201cNuk ka njeri n\u00eb Shqip\u00ebri qe i [&hellip;]<\/p>\n","protected":false},"author":4,"featured_media":45185,"comment_status":"open","ping_status":"closed","sticky":false,"template":"","format":"standard","meta":{"footnotes":""},"categories":[241,231,235],"tags":[],"class_list":{"0":"post-87449","1":"post","2":"type-post","3":"status-publish","4":"format-standard","5":"has-post-thumbnail","7":"category-aktualitet","8":"category-lajme","9":"category-vendi"},"_links":{"self":[{"href":"https:\/\/zjarr.tv\/sq\/wp-json\/wp\/v2\/posts\/87449","targetHints":{"allow":["GET"]}}],"collection":[{"href":"https:\/\/zjarr.tv\/sq\/wp-json\/wp\/v2\/posts"}],"about":[{"href":"https:\/\/zjarr.tv\/sq\/wp-json\/wp\/v2\/types\/post"}],"author":[{"embeddable":true,"href":"https:\/\/zjarr.tv\/sq\/wp-json\/wp\/v2\/users\/4"}],"replies":[{"embeddable":true,"href":"https:\/\/zjarr.tv\/sq\/wp-json\/wp\/v2\/comments?post=87449"}],"version-history":[{"count":0,"href":"https:\/\/zjarr.tv\/sq\/wp-json\/wp\/v2\/posts\/87449\/revisions"}],"wp:featuredmedia":[{"embeddable":true,"href":"https:\/\/zjarr.tv\/sq\/wp-json\/wp\/v2\/media\/45185"}],"wp:attachment":[{"href":"https:\/\/zjarr.tv\/sq\/wp-json\/wp\/v2\/media?parent=87449"}],"wp:term":[{"taxonomy":"category","embeddable":true,"href":"https:\/\/zjarr.tv\/sq\/wp-json\/wp\/v2\/categories?post=87449"},{"taxonomy":"post_tag","embeddable":true,"href":"https:\/\/zjarr.tv\/sq\/wp-json\/wp\/v2\/tags?post=87449"}],"curies":[{"name":"wp","href":"https:\/\/api.w.org\/{rel}","templated":true}]}}