{"id":87453,"date":"2019-06-03T13:55:00","date_gmt":"2019-06-03T11:55:00","guid":{"rendered":"https:\/\/zjarr.tv\/?p=87453"},"modified":"2019-06-03T13:55:00","modified_gmt":"2019-06-03T11:55:00","slug":"grabitet-kisha-ortodokse-ne-durres","status":"publish","type":"post","link":"https:\/\/zjarr.tv\/sq\/grabitet-kisha-ortodokse-ne-durres\/","title":{"rendered":"Grabitet Kisha Ortodokse n\u00eb Durr\u00ebs"},"content":{"rendered":"<p>\u00cbsht\u00eb grabitur Kisha Ortodokse &#8220;Apostull Pavli dhe Sh\u00ebn Asti&#8221; n\u00eb Durr\u00ebs.<br \/>\nPersona t\u00eb paidentifikuar hyn\u00eb brenda kish\u00ebs, n\u00eb lagjen nr.3, gjat\u00eb nat\u00ebs dhe grabit\u00ebn ark\u00ebn ku hidhnin parat\u00eb besimtar\u00ebt.<br \/>\nAutor\u00ebt mor\u00ebn nj\u00eb shum\u00eb parash.<br \/>\n&#8220;M\u00eb dat\u00eb 03.06.2019, gjat\u00eb nat\u00ebs, n\u00eb lagjen nr.3 Durr\u00ebs, persona t\u00eb paidentifikuar kan\u00eb hyr\u00eb n\u00eb Kish\u00ebn Ortodokse &#8220;Apostull Pavli dhe Sh\u00ebn Asti&#8221; ku kan\u00eb marr\u00eb lek\u00ebt q\u00eb ndodheshin n\u00eb ark\u00ebn e besimtar\u00ebve,&#8221;-raporton policia.<br \/>\nGrupi Hetimor vijon pun\u00ebn p\u00ebr zbardhjen e plot\u00eb t\u00eb ngjarjes, identifikimin dhe kapjen e autor\u00ebve.<\/p>\n","protected":false},"excerpt":{"rendered":"<p>\u00cbsht\u00eb grabitur Kisha Ortodokse &#8220;Apostull Pavli dhe Sh\u00ebn Asti&#8221; n\u00eb Durr\u00ebs. Persona t\u00eb paidentifikuar hyn\u00eb brenda kish\u00ebs, n\u00eb lagjen nr.3, gjat\u00eb nat\u00ebs dhe grabit\u00ebn ark\u00ebn ku hidhnin parat\u00eb besimtar\u00ebt. Autor\u00ebt mor\u00ebn nj\u00eb shum\u00eb parash. &#8220;M\u00eb dat\u00eb 03.06.2019, gjat\u00eb nat\u00ebs, n\u00eb lagjen nr.3 Durr\u00ebs, persona t\u00eb paidentifikuar kan\u00eb hyr\u00eb n\u00eb Kish\u00ebn Ortodokse &#8220;Apostull Pavli dhe Sh\u00ebn [&hellip;]<\/p>\n","protected":false},"author":2013,"featured_media":87454,"comment_status":"open","ping_status":"closed","sticky":false,"template":"","format":"standard","meta":{"footnotes":""},"categories":[241,235],"tags":[],"class_list":{"0":"post-87453","1":"post","2":"type-post","3":"status-publish","4":"format-standard","5":"has-post-thumbnail","7":"category-aktualitet","8":"category-vendi"},"_links":{"self":[{"href":"https:\/\/zjarr.tv\/sq\/wp-json\/wp\/v2\/posts\/87453","targetHints":{"allow":["GET"]}}],"collection":[{"href":"https:\/\/zjarr.tv\/sq\/wp-json\/wp\/v2\/posts"}],"about":[{"href":"https:\/\/zjarr.tv\/sq\/wp-json\/wp\/v2\/types\/post"}],"author":[{"embeddable":true,"href":"https:\/\/zjarr.tv\/sq\/wp-json\/wp\/v2\/users\/2013"}],"replies":[{"embeddable":true,"href":"https:\/\/zjarr.tv\/sq\/wp-json\/wp\/v2\/comments?post=87453"}],"version-history":[{"count":0,"href":"https:\/\/zjarr.tv\/sq\/wp-json\/wp\/v2\/posts\/87453\/revisions"}],"wp:featuredmedia":[{"embeddable":true,"href":"https:\/\/zjarr.tv\/sq\/wp-json\/wp\/v2\/media\/87454"}],"wp:attachment":[{"href":"https:\/\/zjarr.tv\/sq\/wp-json\/wp\/v2\/media?parent=87453"}],"wp:term":[{"taxonomy":"category","embeddable":true,"href":"https:\/\/zjarr.tv\/sq\/wp-json\/wp\/v2\/categories?post=87453"},{"taxonomy":"post_tag","embeddable":true,"href":"https:\/\/zjarr.tv\/sq\/wp-json\/wp\/v2\/tags?post=87453"}],"curies":[{"name":"wp","href":"https:\/\/api.w.org\/{rel}","templated":true}]}}