{"id":87461,"date":"2019-06-03T14:04:23","date_gmt":"2019-06-03T12:04:23","guid":{"rendered":"https:\/\/zjarr.tv\/?p=87461"},"modified":"2019-06-03T14:04:23","modified_gmt":"2019-06-03T12:04:23","slug":"lsi-termetet-te-shpallet-urgjent-gjendja-e-jashtezakonshme-ne-korce","status":"publish","type":"post","link":"https:\/\/zjarr.tv\/sq\/lsi-termetet-te-shpallet-urgjent-gjendja-e-jashtezakonshme-ne-korce\/","title":{"rendered":"LSI: T\u00ebrmetet, t\u00eb shpallet urgjent gjendja e jasht\u00ebzakonshme n\u00eb Kor\u00e7\u00eb"},"content":{"rendered":"<p>\u201cT\u00eb shpallet urgjentisht gjendja e jasht\u00ebzakonshme n\u00eb zon\u00ebn e prekur nga t\u00ebrmetet\u201d. Kjo \u00ebsht\u00eb thirrja e LSI-s\u00eb, n\u00ebp\u00ebrmjet Sekretarit t\u00eb P\u00ebrgjithsh\u00ebm Endrit Braimllari.<\/p>\n<p>N\u00eb nj\u00eb mesazh n\u00eb\u00a0Fb, Braimllari, n\u00eb shenj\u00eb solidariteti me banor\u00ebt e prekur nga fatkeq\u00ebsia natyrore e t\u00ebrmeteve n\u00eb qarkun Kor\u00e7\u00ebs, shprehet se reshjet e shumta te shiut po p\u00ebrkeq\u00ebsojn\u00eb situant\u00ebn, ndaj &#8220;u b\u00ebj thirrje organeve t\u00eb qeveris\u00eb qendrore dhe lokale, ministris\u00eb s\u00eb Mbrojtjes, Prefektit, bashkis\u00eb s\u00eb Kor\u00e7\u00ebs, Kolonj\u00ebs dhe Emergjencave Civile t\u00eb mos tallen me\u00a0banor\u00ebt.&#8221;<\/p>\n<p>&#8220;T\u00eb mos b\u00ebjn\u00eb politik\u00eb me fatkeq\u00ebsin\u00eb e tyre, po t\u2019u sh\u00ebrbejn\u00eb dhe t&#8217;u\u00a0gjenden pran\u00eb, jo me \u00e7adra q\u00eb fusin uj\u00eb dhe q\u00eb nuk kan\u00eb mund\u00ebsi ngrohjeje, por t\u2019i ndihmojn\u00eb banor\u00ebt, f\u00ebmij\u00ebt, t\u00eb moshuarit dhe njer\u00ebzit me probleme. T\u00eb shpallet urgjentisht gjendja e jasht\u00ebzakonshme p\u00ebr at\u00eb zon\u00eb dhe t\u00eb mos b\u00ebjn\u00eb fasad\u00eb dhe &#8220;show&#8221;\u00a0politik,\u201d thekson Braimllari.<\/p>\n<p>&nbsp;<\/p>\n","protected":false},"excerpt":{"rendered":"<p>\u201cT\u00eb shpallet urgjentisht gjendja e jasht\u00ebzakonshme n\u00eb zon\u00ebn e prekur nga t\u00ebrmetet\u201d. Kjo \u00ebsht\u00eb thirrja e LSI-s\u00eb, n\u00ebp\u00ebrmjet Sekretarit t\u00eb P\u00ebrgjithsh\u00ebm Endrit Braimllari. N\u00eb nj\u00eb mesazh n\u00eb\u00a0Fb, Braimllari, n\u00eb shenj\u00eb solidariteti me banor\u00ebt e prekur nga fatkeq\u00ebsia natyrore e t\u00ebrmeteve n\u00eb qarkun Kor\u00e7\u00ebs, shprehet se reshjet e shumta te shiut po p\u00ebrkeq\u00ebsojn\u00eb situant\u00ebn, ndaj &#8220;u [&hellip;]<\/p>\n","protected":false},"author":2013,"featured_media":57698,"comment_status":"open","ping_status":"closed","sticky":false,"template":"","format":"standard","meta":{"footnotes":""},"categories":[241,235],"tags":[],"class_list":{"0":"post-87461","1":"post","2":"type-post","3":"status-publish","4":"format-standard","5":"has-post-thumbnail","7":"category-aktualitet","8":"category-vendi"},"_links":{"self":[{"href":"https:\/\/zjarr.tv\/sq\/wp-json\/wp\/v2\/posts\/87461","targetHints":{"allow":["GET"]}}],"collection":[{"href":"https:\/\/zjarr.tv\/sq\/wp-json\/wp\/v2\/posts"}],"about":[{"href":"https:\/\/zjarr.tv\/sq\/wp-json\/wp\/v2\/types\/post"}],"author":[{"embeddable":true,"href":"https:\/\/zjarr.tv\/sq\/wp-json\/wp\/v2\/users\/2013"}],"replies":[{"embeddable":true,"href":"https:\/\/zjarr.tv\/sq\/wp-json\/wp\/v2\/comments?post=87461"}],"version-history":[{"count":0,"href":"https:\/\/zjarr.tv\/sq\/wp-json\/wp\/v2\/posts\/87461\/revisions"}],"wp:featuredmedia":[{"embeddable":true,"href":"https:\/\/zjarr.tv\/sq\/wp-json\/wp\/v2\/media\/57698"}],"wp:attachment":[{"href":"https:\/\/zjarr.tv\/sq\/wp-json\/wp\/v2\/media?parent=87461"}],"wp:term":[{"taxonomy":"category","embeddable":true,"href":"https:\/\/zjarr.tv\/sq\/wp-json\/wp\/v2\/categories?post=87461"},{"taxonomy":"post_tag","embeddable":true,"href":"https:\/\/zjarr.tv\/sq\/wp-json\/wp\/v2\/tags?post=87461"}],"curies":[{"name":"wp","href":"https:\/\/api.w.org\/{rel}","templated":true}]}}