{"id":87466,"date":"2019-06-03T14:08:30","date_gmt":"2019-06-03T12:08:30","guid":{"rendered":"https:\/\/zjarr.tv\/?p=87466"},"modified":"2019-06-03T14:08:30","modified_gmt":"2019-06-03T12:08:30","slug":"stoltenberg-nga-shkupi-marreveshja-e-prespes-model-per-kosoven-dhe-gjithe-rajonin","status":"publish","type":"post","link":"https:\/\/zjarr.tv\/sq\/stoltenberg-nga-shkupi-marreveshja-e-prespes-model-per-kosoven-dhe-gjithe-rajonin\/","title":{"rendered":"Stoltenberg nga Shkupi: Marr\u00ebveshja e Presp\u00ebs, model p\u00ebr Kosov\u00ebn dhe gjith\u00eb rajonin!"},"content":{"rendered":"<p>Sekretari i P\u00ebrgjithsh\u00ebm i NATO-s Jens Stoltenberg, i cili po q\u00ebndron n\u00eb Shkup, tha n\u00eb nj\u00eb konferenc\u00eb shtypi n\u00eb lidhje me Kosov\u00ebn se NATO-ja \u00ebsht\u00eb e pranishme atje n\u00eb baz\u00eb t\u00eb nj\u00eb k\u00ebrkese nd\u00ebrkomb\u00ebtare. Zoti Stoltenberg shtoi se shpreson q\u00eb mosmarr\u00ebveshjet mes Prishtin\u00ebs dhe Beogradit do t\u00eb zgjidhen p\u00ebrmes dialogut. Ai theksoi se Marr\u00ebveshja e Presp\u00ebs mund t\u00eb sh\u00ebrbej\u00eb si model p\u00ebr zgjidhjen e problemeve n\u00eb rajon.<\/p>\n<p>&nbsp;<\/p>\n","protected":false},"excerpt":{"rendered":"<p>Sekretari i P\u00ebrgjithsh\u00ebm i NATO-s Jens Stoltenberg, i cili po q\u00ebndron n\u00eb Shkup, tha n\u00eb nj\u00eb konferenc\u00eb shtypi n\u00eb lidhje me Kosov\u00ebn se NATO-ja \u00ebsht\u00eb e pranishme atje n\u00eb baz\u00eb t\u00eb nj\u00eb k\u00ebrkese nd\u00ebrkomb\u00ebtare. Zoti Stoltenberg shtoi se shpreson q\u00eb mosmarr\u00ebveshjet mes Prishtin\u00ebs dhe Beogradit do t\u00eb zgjidhen p\u00ebrmes dialogut. Ai theksoi se Marr\u00ebveshja e [&hellip;]<\/p>\n","protected":false},"author":2013,"featured_media":87467,"comment_status":"open","ping_status":"closed","sticky":false,"template":"","format":"standard","meta":{"footnotes":""},"categories":[241,235],"tags":[],"class_list":{"0":"post-87466","1":"post","2":"type-post","3":"status-publish","4":"format-standard","5":"has-post-thumbnail","7":"category-aktualitet","8":"category-vendi"},"_links":{"self":[{"href":"https:\/\/zjarr.tv\/sq\/wp-json\/wp\/v2\/posts\/87466","targetHints":{"allow":["GET"]}}],"collection":[{"href":"https:\/\/zjarr.tv\/sq\/wp-json\/wp\/v2\/posts"}],"about":[{"href":"https:\/\/zjarr.tv\/sq\/wp-json\/wp\/v2\/types\/post"}],"author":[{"embeddable":true,"href":"https:\/\/zjarr.tv\/sq\/wp-json\/wp\/v2\/users\/2013"}],"replies":[{"embeddable":true,"href":"https:\/\/zjarr.tv\/sq\/wp-json\/wp\/v2\/comments?post=87466"}],"version-history":[{"count":0,"href":"https:\/\/zjarr.tv\/sq\/wp-json\/wp\/v2\/posts\/87466\/revisions"}],"wp:featuredmedia":[{"embeddable":true,"href":"https:\/\/zjarr.tv\/sq\/wp-json\/wp\/v2\/media\/87467"}],"wp:attachment":[{"href":"https:\/\/zjarr.tv\/sq\/wp-json\/wp\/v2\/media?parent=87466"}],"wp:term":[{"taxonomy":"category","embeddable":true,"href":"https:\/\/zjarr.tv\/sq\/wp-json\/wp\/v2\/categories?post=87466"},{"taxonomy":"post_tag","embeddable":true,"href":"https:\/\/zjarr.tv\/sq\/wp-json\/wp\/v2\/tags?post=87466"}],"curies":[{"name":"wp","href":"https:\/\/api.w.org\/{rel}","templated":true}]}}